{"id":2381,"date":"2014-02-07T21:51:51","date_gmt":"2014-02-07T20:51:51","guid":{"rendered":"http:\/\/ww2.alpenflugzentrum.de\/wordpress\/?p=2381"},"modified":"2014-02-07T21:51:51","modified_gmt":"2014-02-07T20:51:51","slug":"petition-gegen-austro-tmz","status":"publish","type":"post","link":"https:\/\/www.alpenflugzentrum.de\/wordpress\/?p=2381","title":{"rendered":"Petition gegen Austro-TMZ"},"content":{"rendered":"<p><a href=\"https:\/\/www.alpenflugzentrum.de\/wordpress\/wp-content\/uploads\/2014\/02\/71871_VT_01UC_2007323.jpg\"><img loading=\"lazy\" decoding=\"async\" class=\"alignleft size-thumbnail wp-image-2385\" alt=\"71871_VT_01UC_2007323\" src=\"https:\/\/www.alpenflugzentrum.de\/wordpress\/wp-content\/uploads\/2014\/02\/71871_VT_01UC_2007323-140x150.jpg\" width=\"140\" height=\"150\" \/><\/a>Die <a href=\"http:\/\/www.avaaz.org\/de\/petition\/austro_control_doris_bures_bmvit_Gegen_flaechendeckende_Transponderpflicht_fuer_Haenge_und_Paragleiter_in_AUT\/\" target=\"_blank\">Petition gegen die m\u00f6glicherweise geplante TMZ<\/a> im \u00d6sterreichischen Luftraum hat gerade mal knapp die H\u00e4lfte der erforderlichen Stimmen erreicht. Da sollten wir doch noch etwas nachlegen!<\/p>\n<p>Details dazu findet Ihr <a href=\"http:\/\/www.dhv.de\/web\/newsdetails\/article\/geplante-tmz-in-oesterreich\/\" target=\"_blank\">beim DHV<\/a>&#8230;<\/p>\n","protected":false},"excerpt":{"rendered":"<p>Die Petition gegen die m\u00f6glicherweise geplante TMZ im \u00d6sterreichischen Luftraum hat gerade mal knapp die H\u00e4lfte der erforderlichen Stimmen erreicht. Da sollten wir doch noch etwas nachlegen! Details dazu findet Ihr beim DHV&#8230;<\/p>\n","protected":false},"author":5,"featured_media":0,"comment_status":"closed","ping_status":"closed","sticky":false,"template":"","format":"standard","meta":{"footnotes":""},"categories":[5],"tags":[],"class_list":["post-2381","post","type-post","status-publish","format-standard","hentry","category-vereinsnachrichten"],"_links":{"self":[{"href":"https:\/\/www.alpenflugzentrum.de\/wordpress\/index.php?rest_route=\/wp\/v2\/posts\/2381","targetHints":{"allow":["GET"]}}],"collection":[{"href":"https:\/\/www.alpenflugzentrum.de\/wordpress\/index.php?rest_route=\/wp\/v2\/posts"}],"about":[{"href":"https:\/\/www.alpenflugzentrum.de\/wordpress\/index.php?rest_route=\/wp\/v2\/types\/post"}],"author":[{"embeddable":true,"href":"https:\/\/www.alpenflugzentrum.de\/wordpress\/index.php?rest_route=\/wp\/v2\/users\/5"}],"replies":[{"embeddable":true,"href":"https:\/\/www.alpenflugzentrum.de\/wordpress\/index.php?rest_route=%2Fwp%2Fv2%2Fcomments&post=2381"}],"version-history":[{"count":4,"href":"https:\/\/www.alpenflugzentrum.de\/wordpress\/index.php?rest_route=\/wp\/v2\/posts\/2381\/revisions"}],"predecessor-version":[{"id":2386,"href":"https:\/\/www.alpenflugzentrum.de\/wordpress\/index.php?rest_route=\/wp\/v2\/posts\/2381\/revisions\/2386"}],"wp:attachment":[{"href":"https:\/\/www.alpenflugzentrum.de\/wordpress\/index.php?rest_route=%2Fwp%2Fv2%2Fmedia&parent=2381"}],"wp:term":[{"taxonomy":"category","embeddable":true,"href":"https:\/\/www.alpenflugzentrum.de\/wordpress\/index.php?rest_route=%2Fwp%2Fv2%2Fcategories&post=2381"},{"taxonomy":"post_tag","embeddable":true,"href":"https:\/\/www.alpenflugzentrum.de\/wordpress\/index.php?rest_route=%2Fwp%2Fv2%2Ftags&post=2381"}],"curies":[{"name":"wp","href":"https:\/\/api.w.org\/{rel}","templated":true}]}}