{"id":2388,"date":"2014-02-17T08:42:23","date_gmt":"2014-02-17T07:42:23","guid":{"rendered":"http:\/\/ww2.alpenflugzentrum.de\/wordpress\/?p=2388"},"modified":"2014-03-04T11:17:22","modified_gmt":"2014-03-04T10:17:22","slug":"streckenfliegernachmittag","status":"publish","type":"post","link":"https:\/\/www.alpenflugzentrum.de\/wordpress\/?p=2388","title":{"rendered":"Streckenfliegernachmittag"},"content":{"rendered":"<p>Unser n\u00e4chster Streckennachmittag steht an! Termin ist am<br \/>\n<strong>Samstag, 08.03.2014 <\/strong>im Schulungsgeb\u00e4ude der DASSU in der Windseestrasse um 14:00 Uhr. Thema dieses Mal:<\/p>\n<p><strong>\u201eDer leere Hangarplatz am Abend &#8211; Staying Alive\u201c<\/strong><\/p>\n<p><a href=\"https:\/\/www.alpenflugzentrum.de\/wordpress\/wp-content\/uploads\/2014\/02\/Crash.jpg\"><img loading=\"lazy\" decoding=\"async\" src=\"https:\/\/www.alpenflugzentrum.de\/wordpress\/wp-content\/uploads\/2014\/02\/Crash-300x217.jpg\" alt=\"Crash\" width=\"300\" height=\"217\" class=\"alignright size-medium wp-image-2390\" srcset=\"https:\/\/www.alpenflugzentrum.de\/wordpress\/wp-content\/uploads\/2014\/02\/Crash-300x217.jpg 300w, https:\/\/www.alpenflugzentrum.de\/wordpress\/wp-content\/uploads\/2014\/02\/Crash.jpg 862w\" sizes=\"auto, (max-width: 300px) 100vw, 300px\" \/><\/a><\/p>\n<p>Unser Sport bietet wundersch\u00f6ne Erlebnisse, und wir besch\u00e4ftigen uns intensiv mit der Fragestellung, wie wir schneller h\u00f6her und weiter fliegen k\u00f6nnen. Wir sollten aber auch alles daran setzen, so sicher wie m\u00f6glich zu fliegen! Was k\u00f6nnen wir tun und welche M\u00f6glichkeiten gibt es im Falle eines Falles? Peter G\u00fcntzer wird uns dieses Thema aufbereiten und pr\u00e4sentieren. <\/p>\n<p>Thema Sicherheit: es gibt eine aktualisierte FLARM-Hindernisdatenbank, leider ist diese aber kostenpflichtig. Details dazu unter dem <a href=\"http:\/\/www.flarm.com\/support\/manual\/FLARM_HindernisLizenzen.pdf\" title=\"FLARM-Hindernisdatenbank\">Link<\/a>.<\/p>\n<p><a href=\"http:\/\/www.flarm.com\/support\/manual\/FLARM_HindernisLizenzen.pdf\"><a href=\"https:\/\/www.alpenflugzentrum.de\/wordpress\/wp-content\/uploads\/2014\/02\/FLARM-Update.gif\"><img loading=\"lazy\" decoding=\"async\" src=\"https:\/\/www.alpenflugzentrum.de\/wordpress\/wp-content\/uploads\/2014\/02\/FLARM-Update-300x127.gif\" alt=\"FLARM-Update\" width=\"300\" height=\"127\" class=\"alignnone size-medium wp-image-2395\" \/><\/a><\/a><br \/>\nWir freuen uns \u00fcber eure zahlreiche Teilnahme und wir wollen auch wieder mit Kaffee und Kuchen den Rahmen etwas lockerer halten (Kuchenspender sind willkommen\u2026). Es soll wie immer keine einseitige Vortragsveranstaltung werden, sondern ein gemeinsamer Erfahrungsaustausch, auch wenn der Themenrahmen schon klar ist!<\/p>\n<p>Und interessierte G\u00e4ste sind nat\u00fcrlich herzlich willkommen!<\/p>\n","protected":false},"excerpt":{"rendered":"<p>Unser n\u00e4chster Streckennachmittag steht an! Termin ist am Samstag, 08.03.2014 im Schulungsgeb\u00e4ude der DASSU in der Windseestrasse um 14:00 Uhr. Thema dieses Mal: \u201eDer leere Hangarplatz am Abend &#8211; Staying Alive\u201c Unser Sport bietet wundersch\u00f6ne Erlebnisse, und wir besch\u00e4ftigen uns intensiv mit der Fragestellung, wie wir schneller h\u00f6her und weiter fliegen k\u00f6nnen. Wir sollten aber &hellip; <a href=\"https:\/\/www.alpenflugzentrum.de\/wordpress\/?p=2388\" class=\"more-link\"><span class=\"screen-reader-text\">Streckenfliegernachmittag<\/span> weiterlesen <span class=\"meta-nav\">&rarr;<\/span><\/a><\/p>\n","protected":false},"author":9,"featured_media":0,"comment_status":"closed","ping_status":"closed","sticky":false,"template":"","format":"standard","meta":{"footnotes":""},"categories":[5],"tags":[],"class_list":["post-2388","post","type-post","status-publish","format-standard","hentry","category-vereinsnachrichten"],"_links":{"self":[{"href":"https:\/\/www.alpenflugzentrum.de\/wordpress\/index.php?rest_route=\/wp\/v2\/posts\/2388","targetHints":{"allow":["GET"]}}],"collection":[{"href":"https:\/\/www.alpenflugzentrum.de\/wordpress\/index.php?rest_route=\/wp\/v2\/posts"}],"about":[{"href":"https:\/\/www.alpenflugzentrum.de\/wordpress\/index.php?rest_route=\/wp\/v2\/types\/post"}],"author":[{"embeddable":true,"href":"https:\/\/www.alpenflugzentrum.de\/wordpress\/index.php?rest_route=\/wp\/v2\/users\/9"}],"replies":[{"embeddable":true,"href":"https:\/\/www.alpenflugzentrum.de\/wordpress\/index.php?rest_route=%2Fwp%2Fv2%2Fcomments&post=2388"}],"version-history":[{"count":12,"href":"https:\/\/www.alpenflugzentrum.de\/wordpress\/index.php?rest_route=\/wp\/v2\/posts\/2388\/revisions"}],"predecessor-version":[{"id":2422,"href":"https:\/\/www.alpenflugzentrum.de\/wordpress\/index.php?rest_route=\/wp\/v2\/posts\/2388\/revisions\/2422"}],"wp:attachment":[{"href":"https:\/\/www.alpenflugzentrum.de\/wordpress\/index.php?rest_route=%2Fwp%2Fv2%2Fmedia&parent=2388"}],"wp:term":[{"taxonomy":"category","embeddable":true,"href":"https:\/\/www.alpenflugzentrum.de\/wordpress\/index.php?rest_route=%2Fwp%2Fv2%2Fcategories&post=2388"},{"taxonomy":"post_tag","embeddable":true,"href":"https:\/\/www.alpenflugzentrum.de\/wordpress\/index.php?rest_route=%2Fwp%2Fv2%2Ftags&post=2388"}],"curies":[{"name":"wp","href":"https:\/\/api.w.org\/{rel}","templated":true}]}}