{"id":2430,"date":"2014-04-16T07:22:56","date_gmt":"2014-04-16T05:22:56","guid":{"rendered":"http:\/\/ww2.alpenflugzentrum.de\/wordpress\/?p=2430"},"modified":"2014-04-16T07:23:39","modified_gmt":"2014-04-16T05:23:39","slug":"ein-1000er-mehr-fuers-alpenflugzentrum","status":"publish","type":"post","link":"https:\/\/www.alpenflugzentrum.de\/wordpress\/?p=2430","title":{"rendered":"Ein 1000er mehr f\u00fcr`s Alpenflugzentrum!"},"content":{"rendered":"<p>Unser Jan Lyczywek, auch bekannt als der &#8222;Jan aus Bayern&#8220;, hat gestern die Nordf\u00f6hnlage erfolgreich in einen sch\u00f6nen Flug von N\u00f6tsch aus umgesetzt, am Ende waren es dann 1051,78 km im OLC! <\/p>\n<p><a href=\"https:\/\/www.alpenflugzentrum.de\/wordpress\/wp-content\/uploads\/2014\/04\/Jan_1052km_150414.gif\"><img loading=\"lazy\" decoding=\"async\" src=\"https:\/\/www.alpenflugzentrum.de\/wordpress\/wp-content\/uploads\/2014\/04\/Jan_1052km_150414-215x300.gif\" alt=\"Jan_1052km_150414\" width=\"215\" height=\"300\" class=\"alignnone size-medium wp-image-2431\" \/><\/a><\/p>\n<p>Dabei war Jan am Vortag noch gar nicht so optimistisch&#8230; Auf alle F\u00e4lle ganz herzlichen Gl\u00fcckwunsch! Hier geht es zu <a href=\"https:\/\/www.onlinecontest.org\/olc-2.0\/gliding\/flightinfo.html?dsId=3543828\" title=\"1052km_Lyczwek\">Jan`s Flug im OLC<\/a>:<\/p>\n","protected":false},"excerpt":{"rendered":"<p>Unser Jan Lyczywek, auch bekannt als der &#8222;Jan aus Bayern&#8220;, hat gestern die Nordf\u00f6hnlage erfolgreich in einen sch\u00f6nen Flug von N\u00f6tsch aus umgesetzt, am Ende waren es dann 1051,78 km im OLC! Dabei war Jan am Vortag noch gar nicht so optimistisch&#8230; Auf alle F\u00e4lle ganz herzlichen Gl\u00fcckwunsch! Hier geht es zu Jan`s Flug im &hellip; <a href=\"https:\/\/www.alpenflugzentrum.de\/wordpress\/?p=2430\" class=\"more-link\"><span class=\"screen-reader-text\">Ein 1000er mehr f\u00fcr`s Alpenflugzentrum!<\/span> weiterlesen <span class=\"meta-nav\">&rarr;<\/span><\/a><\/p>\n","protected":false},"author":9,"featured_media":0,"comment_status":"closed","ping_status":"closed","sticky":false,"template":"","format":"standard","meta":{"footnotes":""},"categories":[5],"tags":[],"class_list":["post-2430","post","type-post","status-publish","format-standard","hentry","category-vereinsnachrichten"],"_links":{"self":[{"href":"https:\/\/www.alpenflugzentrum.de\/wordpress\/index.php?rest_route=\/wp\/v2\/posts\/2430","targetHints":{"allow":["GET"]}}],"collection":[{"href":"https:\/\/www.alpenflugzentrum.de\/wordpress\/index.php?rest_route=\/wp\/v2\/posts"}],"about":[{"href":"https:\/\/www.alpenflugzentrum.de\/wordpress\/index.php?rest_route=\/wp\/v2\/types\/post"}],"author":[{"embeddable":true,"href":"https:\/\/www.alpenflugzentrum.de\/wordpress\/index.php?rest_route=\/wp\/v2\/users\/9"}],"replies":[{"embeddable":true,"href":"https:\/\/www.alpenflugzentrum.de\/wordpress\/index.php?rest_route=%2Fwp%2Fv2%2Fcomments&post=2430"}],"version-history":[{"count":2,"href":"https:\/\/www.alpenflugzentrum.de\/wordpress\/index.php?rest_route=\/wp\/v2\/posts\/2430\/revisions"}],"predecessor-version":[{"id":2433,"href":"https:\/\/www.alpenflugzentrum.de\/wordpress\/index.php?rest_route=\/wp\/v2\/posts\/2430\/revisions\/2433"}],"wp:attachment":[{"href":"https:\/\/www.alpenflugzentrum.de\/wordpress\/index.php?rest_route=%2Fwp%2Fv2%2Fmedia&parent=2430"}],"wp:term":[{"taxonomy":"category","embeddable":true,"href":"https:\/\/www.alpenflugzentrum.de\/wordpress\/index.php?rest_route=%2Fwp%2Fv2%2Fcategories&post=2430"},{"taxonomy":"post_tag","embeddable":true,"href":"https:\/\/www.alpenflugzentrum.de\/wordpress\/index.php?rest_route=%2Fwp%2Fv2%2Ftags&post=2430"}],"curies":[{"name":"wp","href":"https:\/\/api.w.org\/{rel}","templated":true}]}}