{"id":2488,"date":"2014-06-16T08:57:01","date_gmt":"2014-06-16T06:57:01","guid":{"rendered":"http:\/\/ww2.alpenflugzentrum.de\/wordpress\/?p=2488"},"modified":"2014-06-16T10:07:06","modified_gmt":"2014-06-16T08:07:06","slug":"sonntag-2-wertungstag","status":"publish","type":"post","link":"https:\/\/www.alpenflugzentrum.de\/wordpress\/?p=2488","title":{"rendered":"Sonntag: 2. Wertungstag"},"content":{"rendered":"<p><strong><\/strong><\/p>\n<p>Morgens fr\u00fch ist es klar und sonnig \u00fcber dem s\u00fcd\u00f6stlichen K\u00e4rnten, auf der Fahrt zum Flugplatz nach dem Fr\u00fchst\u00fcck schieben sich von der Gerlitzen und den Nockbergen schon wieder Ausbreitungen ins das sch\u00f6ne Wetterbild.<br \/>\nDennoch stehen schon wieder fast alle Maschinen am Start, man rechnet wohl allerorten damit, fliegen zu m\u00fcssen.<\/p>\n<p><a href=\"https:\/\/www.alpenflugzentrum.de\/wordpress\/wp-content\/uploads\/2014\/06\/DSC08770.jpg\"><img loading=\"lazy\" decoding=\"async\" src=\"https:\/\/www.alpenflugzentrum.de\/wordpress\/wp-content\/uploads\/2014\/06\/DSC08770-300x199.jpg\" alt=\"AAC 2014 Feldbriefing\" width=\"300\" height=\"199\" class=\"alignnone size-medium wp-image-2490\" srcset=\"https:\/\/www.alpenflugzentrum.de\/wordpress\/wp-content\/uploads\/2014\/06\/DSC08770-300x199.jpg 300w, https:\/\/www.alpenflugzentrum.de\/wordpress\/wp-content\/uploads\/2014\/06\/DSC08770-1024x680.jpg 1024w\" sizes=\"auto, (max-width: 300px) 100vw, 300px\" \/><\/a><\/p>\n<p>Dem Briefing geht die Siegerehrung voraus,d.h. die Tagessieger des Vortags erhalten eine Flasche Wein und die Gelegenheit, Ihren Siegesflug zu schildern. In der 104er Klasse ein Novum, ist der Tagessieger doch eines Alters, dem Martin Huber empfiehlt: Die Flasche ist f\u00fcr den Papa und Dich, ich will ja hier keinen Alkohol an Minderj\u00e4hrige ausgeben. Und ja, Thomas Leitgeb aus Friesach hat seinen Discus t zum Tagessieg geflogen, Hut ab, ein Naturtalent ? Wir werden sehen.<br \/>\nDer Wetterfrosch &#8222;Quaxi&#8220; Hohenwarter macht Hoffnung auf wetter, allerdings erst ab Mittag. Es soll auch wieder die eine oder andere Schauerentwicklung dabei sein, aber die Gewitter geh\u00f6ren wohl der Vergangenheit an. Das Warten dauert dann auch, die Ausbreitungen wollen nicht weichen, und es schauert gar. Gegen Mittag k\u00fcrzt Martin die Aufgabe &#8211; AAT mit 1. Wende in den Karawanken, 2. Wende im Westen und letzter Wende auf einem Berggippfel in der Steiermark- dergestalt, dass er den letzten Zylinder auf 35 km aufbohrt. Die Zeit wird analog auch auf 2:30 gek\u00fcrzt.<br \/>\nKurz danach geht das Feld an den Himmel, bei noch nicht so guter Wetteroptik, aber immerhin deutlich sichtbaren Cumulanten in und unter den Ausbreitungen.<br \/>\nNatascha darf \u00fcbrgens wieder h\u00fcten, mal nicht ein Pferd, sondern Lora, den Hund vvon Werner Danz aus der Schweiz. Der bravste Flugplatzhund von allen, nur wenn Herrchen landet au\u00dfer Rand und Band.<br \/>\nDas Wetter sieht auch eine Weile nach dem \u00f6ffnen der Startlinie noch verbesserungsf\u00e4hig aus, jedoch -Kompliment an den Metereologen- baut ab 14:00 gut auf. Allerdings sitzen wir am Nachmittag dann mal kurzfristig im Schatten, auch bei uns wieder Ausbreitungen.<br \/>\nGegen 16:30 kommen die ersten Maschinen zur\u00fcck, fast alle schaffen es auch mit erf\u00fcllter Aufgabe heim. Sie berichten uns von teils gutem Wetter f\u00fcr die Aufgabe, aber auch von Ausbreitungen und Abschattungen, aus denen es die Maschinen auch unvermutet anregnet.<br \/>\nAuch Lora\u00b4s Warten hat ein Ende, als Werner wieder landet, mehr noch, sie ist tats\u00e4chlich in der Lage einen Antares zu erkennen. Wie uns der falsche Alarm ein paar Minuten vorher beweist, als Sven Kolb mit seinem Antares aufsetzt.<br \/>\nDie freudige Begr\u00fc\u00dfung Herrchen durch Hund n\u00f6tigt unserem Vorarlberger Freund Helmut Schaljo den Satz: So freudig begr\u00fc\u00dft einen keine Frau wenn Du landest (den Vorarlberger Dialekt krieg ich nicht hin, der macht das aber noch besser&#8230;) ab. Und bringt ihm prompt die rote Karte von Natascha ein&#8230;<br \/>\nDas Auswerten belegt, dass die Aufgabe (nachzulesen unter www.aac.lokf.at ) richtig ausgeschrieben war.<br \/>\nThomas Leitgeb, der Junior im Feld, hat mit seinem Discus in seiner Klasse den 5. Platz erflogen, nach dem Tagessieg gestern ein beachtlicher Erfolg. Thomas Kr\u00fcger, am anderen Ende der Skala (auch wegen der doppelten Spannweite seiner EB 29) kr\u00f6nt den zweiten Wettbewerbstag seines Segelfliegerlebens in der offenen Klasse mit einem 3. Platz.<br \/>\nUnd auch unser Pr\u00e4sident ist gl\u00fccklich, denn er ist rumgekommen und hat gut im Mittelfeld abgeschlossen.<br \/>\nUnd es sieht-eigentlich schon fast untypisch f\u00fcr einen AAC- morgen wieder nach \u00e4hnlichem Wetter aus, so dass der 3. Tag in Folge in der Luft liegt.<\/p>\n<p><a href=\"https:\/\/www.alpenflugzentrum.de\/wordpress\/wp-content\/uploads\/2014\/06\/DSC08834.jpg\"><img loading=\"lazy\" decoding=\"async\" src=\"https:\/\/www.alpenflugzentrum.de\/wordpress\/wp-content\/uploads\/2014\/06\/DSC08834-300x199.jpg\" alt=\"SONY DSC\" width=\"300\" height=\"199\" class=\"alignnone size-medium wp-image-2493\" srcset=\"https:\/\/www.alpenflugzentrum.de\/wordpress\/wp-content\/uploads\/2014\/06\/DSC08834-300x199.jpg 300w, https:\/\/www.alpenflugzentrum.de\/wordpress\/wp-content\/uploads\/2014\/06\/DSC08834-1024x680.jpg 1024w\" sizes=\"auto, (max-width: 300px) 100vw, 300px\" \/><\/a><\/p>\n<p>&nbsp;<\/p>\n","protected":false},"excerpt":{"rendered":"<p>Morgens fr\u00fch ist es klar und sonnig \u00fcber dem s\u00fcd\u00f6stlichen K\u00e4rnten, auf der Fahrt zum Flugplatz nach dem Fr\u00fchst\u00fcck schieben sich von der Gerlitzen und den Nockbergen schon wieder Ausbreitungen ins das sch\u00f6ne Wetterbild. Dennoch stehen schon wieder fast alle Maschinen am Start, man rechnet wohl allerorten damit, fliegen zu m\u00fcssen. Dem Briefing geht die &hellip; <a href=\"https:\/\/www.alpenflugzentrum.de\/wordpress\/?p=2488\" class=\"more-link\"><span class=\"screen-reader-text\">Sonntag: 2. Wertungstag<\/span> weiterlesen <span class=\"meta-nav\">&rarr;<\/span><\/a><\/p>\n","protected":false},"author":10,"featured_media":0,"comment_status":"closed","ping_status":"closed","sticky":false,"template":"","format":"standard","meta":{"footnotes":""},"categories":[29],"tags":[],"class_list":["post-2488","post","type-post","status-publish","format-standard","hentry","category-aac-2014"],"_links":{"self":[{"href":"https:\/\/www.alpenflugzentrum.de\/wordpress\/index.php?rest_route=\/wp\/v2\/posts\/2488","targetHints":{"allow":["GET"]}}],"collection":[{"href":"https:\/\/www.alpenflugzentrum.de\/wordpress\/index.php?rest_route=\/wp\/v2\/posts"}],"about":[{"href":"https:\/\/www.alpenflugzentrum.de\/wordpress\/index.php?rest_route=\/wp\/v2\/types\/post"}],"author":[{"embeddable":true,"href":"https:\/\/www.alpenflugzentrum.de\/wordpress\/index.php?rest_route=\/wp\/v2\/users\/10"}],"replies":[{"embeddable":true,"href":"https:\/\/www.alpenflugzentrum.de\/wordpress\/index.php?rest_route=%2Fwp%2Fv2%2Fcomments&post=2488"}],"version-history":[{"count":4,"href":"https:\/\/www.alpenflugzentrum.de\/wordpress\/index.php?rest_route=\/wp\/v2\/posts\/2488\/revisions"}],"predecessor-version":[{"id":2495,"href":"https:\/\/www.alpenflugzentrum.de\/wordpress\/index.php?rest_route=\/wp\/v2\/posts\/2488\/revisions\/2495"}],"wp:attachment":[{"href":"https:\/\/www.alpenflugzentrum.de\/wordpress\/index.php?rest_route=%2Fwp%2Fv2%2Fmedia&parent=2488"}],"wp:term":[{"taxonomy":"category","embeddable":true,"href":"https:\/\/www.alpenflugzentrum.de\/wordpress\/index.php?rest_route=%2Fwp%2Fv2%2Fcategories&post=2488"},{"taxonomy":"post_tag","embeddable":true,"href":"https:\/\/www.alpenflugzentrum.de\/wordpress\/index.php?rest_route=%2Fwp%2Fv2%2Ftags&post=2488"}],"curies":[{"name":"wp","href":"https:\/\/api.w.org\/{rel}","templated":true}]}}