{"id":2531,"date":"2014-06-22T09:24:35","date_gmt":"2014-06-22T07:24:35","guid":{"rendered":"http:\/\/ww2.alpenflugzentrum.de\/wordpress\/?p=2531"},"modified":"2014-06-22T22:03:06","modified_gmt":"2014-06-22T20:03:06","slug":"2-samstag-6-wertungstag","status":"publish","type":"post","link":"https:\/\/www.alpenflugzentrum.de\/wordpress\/?p=2531","title":{"rendered":"2. Samstag: 6 (!) Wertungstag"},"content":{"rendered":"<p>Einer geht noch&#8230;. Der Morgen macht leise Zweifel, ob uns die Reste der gestrigen Front noch eine Chance auf einen weiteren Flug lassen. Es ist doch recht bedeckt, vor allem von der Hauptkammseite. Am Platz wird allerdings bei Ankunft alles gerade wieder an den Start gekarrt.<\/p>\n<p>Quaxi l\u00e4sst beim Briefing eine recht qualifizierte Prognose der sp\u00e4teren Verh\u00e4ltnise vom Stapel, Martin m\u00fcnzt das in eine AAT weit ins Lesachtal und an die Klagenfurter H\u00fctte um mit Zylindern, die gro\u00df genug sind um die vorgegebene Zeit auch evtl. mit hineinfliegen nutzen zu k\u00f6nnen.<\/p>\n<p>Schleppbeginn ist fr\u00fch, obwohl \u00fcber den Ossiacher Tauern noch keine Wolken zu sehen sind und \u00fcber der Gerlitzen noch viel Restfeuchte zu sehen ist. Mit dem Start der offenen Klasse st aber schon zu sehen, dass es im blauen geht und auch die Gerlitzen trocknet ab. Vor allem aber, dass die Front die Mumpfluft der Woche mitgenommen hat.<br \/>\nNach dem Feld schieb ich meine Kiste an den Start und schau mir das selber mal an, nach ein bisschen M\u00fche im blauen der Tauern und mit dem Nordwestwind komm ich m\u00fchelos zum Dobratsch, der mit einer fetten Wolke brummt.<br \/>\nDas Gailtal, dem ich bis zu H\u00f6he des Weissensees hinter Hermagor folge geht gut. Allerdings sorgt der Nordwest auch f\u00fcr dicke Wolkenpakete bis in Talmitte, die teilweise aktiv sind, evtl. also wechselnde tragende Linien. K\u00f6nnte ggf. also anspruchsvoller sein als gedacht. Vom Dobratsch r\u00fcber auf die S\u00fcdseite Richtung Karawanken ist auch problemlos. Mit einer tollen Optik, da sie von S\u00fcden her angestaut sind, man aber \u00fcber die Nordrippen, die auch gut gehen, bis an die Wettergrenze heran fliegen kann.<br \/>\nBeim R\u00fcckflug kommen die ersten der 104er Klasse schon heim, bald auch die ersten der offenen Klasse.<\/p>\n<p><a href=\"https:\/\/www.alpenflugzentrum.de\/wordpress\/wp-content\/uploads\/2014\/06\/DSC09076.jpg\"><img loading=\"lazy\" decoding=\"async\" src=\"https:\/\/www.alpenflugzentrum.de\/wordpress\/wp-content\/uploads\/2014\/06\/DSC09076-300x199.jpg\" alt=\"SONY DSC\" width=\"300\" height=\"199\" class=\"alignnone size-medium wp-image-2533\" srcset=\"https:\/\/www.alpenflugzentrum.de\/wordpress\/wp-content\/uploads\/2014\/06\/DSC09076-300x199.jpg 300w, https:\/\/www.alpenflugzentrum.de\/wordpress\/wp-content\/uploads\/2014\/06\/DSC09076-1024x680.jpg 1024w\" sizes=\"auto, (max-width: 300px) 100vw, 300px\" \/><\/a><\/p>\n<p> Als ich lande, sind schon fast alle da, die ersten Flieger gar reisefertig verpackt.<br \/>\nEinzig Thomas Kr\u00fcger geht noch ab, was Martin alsbald nerv\u00f6s macht. Er hat das gute Wetter wohl anders genutzt, am Ende ist er aus der Zeitwertung, taucht aber gegen 18:15 als letzter auf.<br \/>\nRichard, Martins treuer Auswerter, kriegt viel zu tun, denn f\u00fcr 19:00 ist Siegerehrung angesetzt.<\/p>\n<p>Die Terrasse ist Proppvoll, als es nach den Tagessiegern, die von guten Bedingungen zum fliegen, aber auch dem einen oder anderen Stolperstein berichten. Gewonnen haben mit Fritz Hofinger und Sven Kolb \u201e\u00fcbliche Verd\u00e4chtige\u201c, erw\u00e4hnenswert ist, dass Thomas Leitgeb in der 104er den f\u00fcnften (!) Gesamtplatz machen konnte. Erster Wettbewerb, 18 Jahre alt, und in einem Feld, in dem auch Nationalmannschafts-Mitglieder der Schweiz mitfliegen!<br \/>\nAuch die Pink-Kuh-Torte, die sich zwei Flieger teilen m\u00fcssen, wechselt den Besitzer. Und El Presidente ? Er ist ein wenig zerknirscht, hat mit einem taktischen Fehler Zeit liegen lassen und sich gesamt auf Platz 8 geflogen.<\/p>\n<p>Aber in dem Feld und dann gut im Mittelfeld abgeschnitten, das Flugzeug auch nicht mehr State of the Art&#8230; Beachtlich!!!<\/p>\n<p>Das Preisgeld des Siegers mit 500 EUR ist zwar nicht zu verachten, aber eine Palette Villacher Bier mit 24 Fl\u00e4schchen ist auch kein schlechter Preis. Zumal Werner Danz Natscha f\u00fcrs Hunde-H\u00fcten von Lora seine Palette ebenfalls stiftet.<\/p>\n<p><a href=\"https:\/\/www.alpenflugzentrum.de\/wordpress\/wp-content\/uploads\/2014\/06\/DSC09169.jpg\"><img loading=\"lazy\" decoding=\"async\" src=\"https:\/\/www.alpenflugzentrum.de\/wordpress\/wp-content\/uploads\/2014\/06\/DSC09169-300x199.jpg\" alt=\"SONY DSC\" width=\"300\" height=\"199\" class=\"alignnone size-medium wp-image-2534\" srcset=\"https:\/\/www.alpenflugzentrum.de\/wordpress\/wp-content\/uploads\/2014\/06\/DSC09169-300x199.jpg 300w, https:\/\/www.alpenflugzentrum.de\/wordpress\/wp-content\/uploads\/2014\/06\/DSC09169-1024x680.jpg 1024w\" sizes=\"auto, (max-width: 300px) 100vw, 300px\" \/><\/a><\/p>\n<p>Ansonsten als Fazit: 6 (!) Wertungstage sprechen f\u00fcr sich, super Stimmung, Tolle Organisation. Was soll man mehr sagen&#8230;<\/p>\n<p>Nach der Siegerehrung rollen die ersten Gespanne vom Hof, in den l\u00e4ngsten Abend des Jahres. Auch ich schmei\u00df um halb neun den Motor an, ab Spittal in die D\u00e4mmerung, ab Tauerntunnel in die Nacht. Unz\u00e4hlige Sonnwendfeuer in und auf den Gipfeln der Berge weisen den Weg durch die T\u00e4ler. Eine tolle Woche geht zu Ende.<\/p>\n<p>Ich danke allen geneigten Lesern, vielleicht wieder n\u00e4chstes Jahr, beim 23. AAC in Feldkirchen.<\/p>\n<p>Auf jeden Fall aber zum Fliegerlager des AFZ in Klix- dies Jahr.<\/p>\n","protected":false},"excerpt":{"rendered":"<p>Einer geht noch&#8230;. Der Morgen macht leise Zweifel, ob uns die Reste der gestrigen Front noch eine Chance auf einen weiteren Flug lassen. Es ist doch recht bedeckt, vor allem von der Hauptkammseite. Am Platz wird allerdings bei Ankunft alles gerade wieder an den Start gekarrt. Quaxi l\u00e4sst beim Briefing eine recht qualifizierte Prognose der &hellip; <a href=\"https:\/\/www.alpenflugzentrum.de\/wordpress\/?p=2531\" class=\"more-link\"><span class=\"screen-reader-text\">2. Samstag: 6 (!) Wertungstag<\/span> weiterlesen <span class=\"meta-nav\">&rarr;<\/span><\/a><\/p>\n","protected":false},"author":10,"featured_media":0,"comment_status":"closed","ping_status":"closed","sticky":false,"template":"","format":"standard","meta":{"footnotes":""},"categories":[29],"tags":[],"class_list":["post-2531","post","type-post","status-publish","format-standard","hentry","category-aac-2014"],"_links":{"self":[{"href":"https:\/\/www.alpenflugzentrum.de\/wordpress\/index.php?rest_route=\/wp\/v2\/posts\/2531","targetHints":{"allow":["GET"]}}],"collection":[{"href":"https:\/\/www.alpenflugzentrum.de\/wordpress\/index.php?rest_route=\/wp\/v2\/posts"}],"about":[{"href":"https:\/\/www.alpenflugzentrum.de\/wordpress\/index.php?rest_route=\/wp\/v2\/types\/post"}],"author":[{"embeddable":true,"href":"https:\/\/www.alpenflugzentrum.de\/wordpress\/index.php?rest_route=\/wp\/v2\/users\/10"}],"replies":[{"embeddable":true,"href":"https:\/\/www.alpenflugzentrum.de\/wordpress\/index.php?rest_route=%2Fwp%2Fv2%2Fcomments&post=2531"}],"version-history":[{"count":2,"href":"https:\/\/www.alpenflugzentrum.de\/wordpress\/index.php?rest_route=\/wp\/v2\/posts\/2531\/revisions"}],"predecessor-version":[{"id":2535,"href":"https:\/\/www.alpenflugzentrum.de\/wordpress\/index.php?rest_route=\/wp\/v2\/posts\/2531\/revisions\/2535"}],"wp:attachment":[{"href":"https:\/\/www.alpenflugzentrum.de\/wordpress\/index.php?rest_route=%2Fwp%2Fv2%2Fmedia&parent=2531"}],"wp:term":[{"taxonomy":"category","embeddable":true,"href":"https:\/\/www.alpenflugzentrum.de\/wordpress\/index.php?rest_route=%2Fwp%2Fv2%2Fcategories&post=2531"},{"taxonomy":"post_tag","embeddable":true,"href":"https:\/\/www.alpenflugzentrum.de\/wordpress\/index.php?rest_route=%2Fwp%2Fv2%2Ftags&post=2531"}],"curies":[{"name":"wp","href":"https:\/\/api.w.org\/{rel}","templated":true}]}}