{"id":2603,"date":"2014-08-02T09:37:58","date_gmt":"2014-08-02T07:37:58","guid":{"rendered":"http:\/\/ww2.alpenflugzentrum.de\/wordpress\/?p=2603"},"modified":"2014-08-04T12:03:28","modified_gmt":"2014-08-04T10:03:28","slug":"freitag","status":"publish","type":"post","link":"https:\/\/www.alpenflugzentrum.de\/wordpress\/?p=2603","title":{"rendered":"Freitag"},"content":{"rendered":"<p style=\"margin-bottom: 0cm\">Ich bin doch so schlank<\/p>\n<p style=\"margin-bottom: 0cm\">\n<p style=\"margin-bottom: 0cm\">Diese \u00c4u\u00dferung von El Presidente -in Anbetracht des Platzangebots auf der Bank im Campus Bavarensis beim Fr\u00fchst\u00fcck- lassen wir mal unkommentiert.<\/p>\n<p style=\"margin-bottom: 0cm\">\n<p style=\"margin-bottom: 0cm\">Komplett wie wir jetzt sind brauchen wir in jedem Fall alle Tische f\u00fcr die komplette Mannschaft des AFZ. Das Wetter ist gut (hallo, daheimgebliebende in Unterw\u00f6ssen, die Bilder lassen schaudern) und alle sind motiviert fliegen zu gehen. Wir solllten auch schnell zum anderen Platzende kommen, denn an der Einfahrt stehen drei riesige M\u00e4hdrescher, die dem benachbarten Getreidefeld zu Leibe r\u00fccken wollen. Und die Staubentwicklung dabei ist gewaltig&#8230;<\/p>\n<p style=\"margin-bottom: 0cm\">\n<p style=\"margin-bottom: 0cm\">Beim Briefing erz\u00e4hlt Alex bzw. Wetter jetzt was von guter Thermik, nur den Satz mit den Ausbreitungen und Abschirmungen haben wohl alle \u00fcberh\u00f6rt. Sei es wie es sein, ab sp\u00e4tem vormittag Cumulanten \u00fcberall, und der F-Schlepp beginnt, und auch aus der Winde bleiben alle beim ersten Anlauf h\u00e4ngen.<\/p>\n<p style=\"margin-bottom: 0cm\">\n<p style=\"margin-bottom: 0cm\">Es geht mit 2 m intergriert rauf, und die Basis ist bei 1300 m \u00fcber dem Platz ansprechend genug um loszumachen. Allerdings geht es nach Osten zach, und auch im Funk kommt bei den Leuten die nach Westen geflogen sind keine Begeisterung auf. Es breitet unter einer Abschirmung blitzschnell aus, das d\u00e4mpft die Thermik. Roland meldet sich aus Reinsdorf, und das \u00fcber einen l\u00e4ngeren Zeitraum.<\/p>\n<p style=\"margin-bottom: 0cm\">Eine Stunde sp\u00e4ter sind die, die sich weggetraut haben wieder -teils mit H\u00e4ngen und W\u00fcrgen- daheim, in Platzn\u00e4he ist es faszinierend, dass es unter dem Mumpf teilweise immer noch mit einem Meterchen gehen kann. Axel meint im Funk nur: \u201eRoland meldet sich immer nur aus Reinsdorf.\u201c Aber auch mit den letzten Wolken ist irgendwann Schluss, und alle landen nach drei bis vier Stunden wieder.<\/p>\n<p style=\"margin-bottom: 0cm\">\n<p style=\"margin-bottom: 0cm\">Einzig Roland meldet sich aus Reinsdorf&#8230;<\/p>\n<p style=\"margin-bottom: 0cm\">\n<p style=\"margin-bottom: 0cm\">Am Platz beginnt bald das Anh\u00e4ngen- R\u00fcckholerrallye. Von den anderen Vereinen inkl. AeroteamKlix sind etliche Maschinen drau\u00dfen. Einzig Spa\u00df hat Lukas, denn er darf mit Mama nach der Pause der Crews mit auf einen der riesigen M\u00e4hdrescher. Die eine Runde um das Kornfeld dauert fast eine Stunde&#8230; Es ist beeindruckend zu sehen, wie sich diese Riesen Reihe um Reihe mit \u00fcber 6 m Schneidbreite durch das reife Korn mampfen und riesigen l\u00e4rmenden Sauriern gleich die Ernte einfahren.<\/p>\n<p style=\"margin-bottom: 0cm\">\n<p style=\"margin-bottom: 0cm\">Und Roland ? Reinsdorf&#8230;. (-:<\/p>\n<p style=\"margin-bottom: 0cm\">\n<p style=\"margin-bottom: 0cm\">Irgendwann kommt bei ihm aber auch Bewegung in die Sache, und er kommt einem anderen Flugplatz weiter s\u00fcdlich nahe. Das Nachsehen auf dem Spot-Tracker hat ein Ende, als Nataschas Handy klingelt, er hat es bis Bronkow geschafft und kann dort einen R\u00fcckschlepp organisieren.<\/p>\n<p style=\"margin-bottom: 0cm\">\n<p style=\"margin-bottom: 0cm\">So schaffen es alle noch zum anberaumten Grillen am abend- auch die M\u00fccken, die uns zahlreich \u00fcberfallen. Aber was solls, eigentlich sind wir das ja schon gewohnt.<\/p>\n<p><a href=\"https:\/\/www.alpenflugzentrum.de\/wordpress\/wp-content\/uploads\/2014\/08\/DSC09416.jpg\"><img loading=\"lazy\" decoding=\"async\" src=\"https:\/\/www.alpenflugzentrum.de\/wordpress\/wp-content\/uploads\/2014\/08\/DSC09416-300x225.jpg\" alt=\"DSC09416\" width=\"300\" height=\"225\" class=\"alignnone size-medium wp-image-2612\" srcset=\"https:\/\/www.alpenflugzentrum.de\/wordpress\/wp-content\/uploads\/2014\/08\/DSC09416-300x225.jpg 300w, https:\/\/www.alpenflugzentrum.de\/wordpress\/wp-content\/uploads\/2014\/08\/DSC09416-1024x768.jpg 1024w\" sizes=\"auto, (max-width: 300px) 100vw, 300px\" \/><\/a><\/p>\n","protected":false},"excerpt":{"rendered":"<p>Ich bin doch so schlank Diese \u00c4u\u00dferung von El Presidente -in Anbetracht des Platzangebots auf der Bank im Campus Bavarensis beim Fr\u00fchst\u00fcck- lassen wir mal unkommentiert. Komplett wie wir jetzt sind brauchen wir in jedem Fall alle Tische f\u00fcr die komplette Mannschaft des AFZ. Das Wetter ist gut (hallo, daheimgebliebende in Unterw\u00f6ssen, die Bilder lassen &hellip; <a href=\"https:\/\/www.alpenflugzentrum.de\/wordpress\/?p=2603\" class=\"more-link\"><span class=\"screen-reader-text\">Freitag<\/span> weiterlesen <span class=\"meta-nav\">&rarr;<\/span><\/a><\/p>\n","protected":false},"author":10,"featured_media":0,"comment_status":"closed","ping_status":"closed","sticky":false,"template":"","format":"standard","meta":{"footnotes":""},"categories":[30],"tags":[],"class_list":["post-2603","post","type-post","status-publish","format-standard","hentry","category-klix-2014"],"_links":{"self":[{"href":"https:\/\/www.alpenflugzentrum.de\/wordpress\/index.php?rest_route=\/wp\/v2\/posts\/2603","targetHints":{"allow":["GET"]}}],"collection":[{"href":"https:\/\/www.alpenflugzentrum.de\/wordpress\/index.php?rest_route=\/wp\/v2\/posts"}],"about":[{"href":"https:\/\/www.alpenflugzentrum.de\/wordpress\/index.php?rest_route=\/wp\/v2\/types\/post"}],"author":[{"embeddable":true,"href":"https:\/\/www.alpenflugzentrum.de\/wordpress\/index.php?rest_route=\/wp\/v2\/users\/10"}],"replies":[{"embeddable":true,"href":"https:\/\/www.alpenflugzentrum.de\/wordpress\/index.php?rest_route=%2Fwp%2Fv2%2Fcomments&post=2603"}],"version-history":[{"count":3,"href":"https:\/\/www.alpenflugzentrum.de\/wordpress\/index.php?rest_route=\/wp\/v2\/posts\/2603\/revisions"}],"predecessor-version":[{"id":2618,"href":"https:\/\/www.alpenflugzentrum.de\/wordpress\/index.php?rest_route=\/wp\/v2\/posts\/2603\/revisions\/2618"}],"wp:attachment":[{"href":"https:\/\/www.alpenflugzentrum.de\/wordpress\/index.php?rest_route=%2Fwp%2Fv2%2Fmedia&parent=2603"}],"wp:term":[{"taxonomy":"category","embeddable":true,"href":"https:\/\/www.alpenflugzentrum.de\/wordpress\/index.php?rest_route=%2Fwp%2Fv2%2Fcategories&post=2603"},{"taxonomy":"post_tag","embeddable":true,"href":"https:\/\/www.alpenflugzentrum.de\/wordpress\/index.php?rest_route=%2Fwp%2Fv2%2Ftags&post=2603"}],"curies":[{"name":"wp","href":"https:\/\/api.w.org\/{rel}","templated":true}]}}