{"id":3266,"date":"2015-08-18T21:36:34","date_gmt":"2015-08-18T19:36:34","guid":{"rendered":"http:\/\/ww2.alpenflugzentrum.de\/wordpress\/?p=3266"},"modified":"2015-08-18T21:36:34","modified_gmt":"2015-08-18T19:36:34","slug":"und-natuerlich-koennen-wir-auch-gebirge","status":"publish","type":"post","link":"https:\/\/www.alpenflugzentrum.de\/wordpress\/?p=3266","title":{"rendered":"&#8230;und nat\u00fcrlich k\u00f6nnen wir auch Gebirge !!! (-:"},"content":{"rendered":"<p>Jan hat es am besten in Worte gefasst: &#8222;So einen August hatten wir nicht mehr seit 2003&#8220;.<\/p>\n<p>Das Hochdruckwetter bescherte den Alpen mehrere hervorragende Tage, herauszuheben ist der 13. August, an dem sage und schreibe 7.500 Punkte auf dem OLC Konto landeten !<\/p>\n<p>Unterst\u00fctzt von den beiden -einzigen- Fluglager-Recken Roland und Philip in Puimoisson wurden von Unterw\u00f6ssen Fl\u00fcge unternommen, die man sonst nur aus dem Mai oder Juni kennt. Allen voran Kurt mit einem S\u00fcdseitendreieck und Mathias mit einem Viereckflug, der in der DMSt fast 1000 Punkte wert war.<\/p>\n<p>Leider geht alles sch\u00f6ne auch vorbei, am Samstag hat sich das Wetter leider mit einem lauten Knall (= Gewittern) verabschiedet. In den g\u00e4ngigen Platzierungen hat es allerdings einen deutlichen Ruck nach vorne gegeben.<\/p>\n<p>Bleibt zu hoffen das zum Wochenende der Sp\u00e4tsommer einkehrt und noch den einen oder anderen sch\u00f6nen Flug erlaubt; au\u00dferdem hat Hans in Barcelonette Unterst\u00fctzung von Mark und Ute Hoffmann erhalten, dort kann man offensichtlich schon wieder fliegen.<\/p>\n<p>Nutzt das Wetter, der n\u00e4chste Winter kommt bestimmt!<\/p>\n<p><a href=\"https:\/\/www.alpenflugzentrum.de\/wordpress\/wp-content\/uploads\/2015\/08\/Winterimpressionen-001.jpg\"><img loading=\"lazy\" decoding=\"async\" class=\"alignnone size-thumbnail wp-image-3267\" src=\"https:\/\/www.alpenflugzentrum.de\/wordpress\/wp-content\/uploads\/2015\/08\/Winterimpressionen-001-150x150.jpg\" alt=\"Winterimpressionen 001\" width=\"150\" height=\"150\" \/><\/a><\/p>\n<p>&nbsp;<\/p>\n","protected":false},"excerpt":{"rendered":"<p>Jan hat es am besten in Worte gefasst: &#8222;So einen August hatten wir nicht mehr seit 2003&#8220;. Das Hochdruckwetter bescherte den Alpen mehrere hervorragende Tage, herauszuheben ist der 13. August, an dem sage und schreibe 7.500 Punkte auf dem OLC Konto landeten ! Unterst\u00fctzt von den beiden -einzigen- Fluglager-Recken Roland und Philip in Puimoisson wurden &hellip; <a href=\"https:\/\/www.alpenflugzentrum.de\/wordpress\/?p=3266\" class=\"more-link\"><span class=\"screen-reader-text\">&#8230;und nat\u00fcrlich k\u00f6nnen wir auch Gebirge !!! (-:<\/span> weiterlesen <span class=\"meta-nav\">&rarr;<\/span><\/a><\/p>\n","protected":false},"author":10,"featured_media":0,"comment_status":"closed","ping_status":"closed","sticky":false,"template":"","format":"standard","meta":{"footnotes":""},"categories":[5],"tags":[],"class_list":["post-3266","post","type-post","status-publish","format-standard","hentry","category-vereinsnachrichten"],"_links":{"self":[{"href":"https:\/\/www.alpenflugzentrum.de\/wordpress\/index.php?rest_route=\/wp\/v2\/posts\/3266","targetHints":{"allow":["GET"]}}],"collection":[{"href":"https:\/\/www.alpenflugzentrum.de\/wordpress\/index.php?rest_route=\/wp\/v2\/posts"}],"about":[{"href":"https:\/\/www.alpenflugzentrum.de\/wordpress\/index.php?rest_route=\/wp\/v2\/types\/post"}],"author":[{"embeddable":true,"href":"https:\/\/www.alpenflugzentrum.de\/wordpress\/index.php?rest_route=\/wp\/v2\/users\/10"}],"replies":[{"embeddable":true,"href":"https:\/\/www.alpenflugzentrum.de\/wordpress\/index.php?rest_route=%2Fwp%2Fv2%2Fcomments&post=3266"}],"version-history":[{"count":1,"href":"https:\/\/www.alpenflugzentrum.de\/wordpress\/index.php?rest_route=\/wp\/v2\/posts\/3266\/revisions"}],"predecessor-version":[{"id":3268,"href":"https:\/\/www.alpenflugzentrum.de\/wordpress\/index.php?rest_route=\/wp\/v2\/posts\/3266\/revisions\/3268"}],"wp:attachment":[{"href":"https:\/\/www.alpenflugzentrum.de\/wordpress\/index.php?rest_route=%2Fwp%2Fv2%2Fmedia&parent=3266"}],"wp:term":[{"taxonomy":"category","embeddable":true,"href":"https:\/\/www.alpenflugzentrum.de\/wordpress\/index.php?rest_route=%2Fwp%2Fv2%2Fcategories&post=3266"},{"taxonomy":"post_tag","embeddable":true,"href":"https:\/\/www.alpenflugzentrum.de\/wordpress\/index.php?rest_route=%2Fwp%2Fv2%2Ftags&post=3266"}],"curies":[{"name":"wp","href":"https:\/\/api.w.org\/{rel}","templated":true}]}}