{"id":3387,"date":"2016-01-20T21:48:12","date_gmt":"2016-01-20T20:48:12","guid":{"rendered":"http:\/\/ww2.alpenflugzentrum.de\/wordpress\/?p=3387"},"modified":"2016-01-20T21:48:12","modified_gmt":"2016-01-20T20:48:12","slug":"der-rotor-wurde-abgeschafft","status":"publish","type":"post","link":"https:\/\/www.alpenflugzentrum.de\/wordpress\/?p=3387","title":{"rendered":"Der Rotor wurde abgeschafft&#8230;"},"content":{"rendered":"<p>&#8230;und viele andere Erkenntnisse waren der Ausflu\u00df des letzten Streckenfliegernachmittags am letzten Samstag.<\/p>\n<p>Vor vollem Haus -mit vielen trotz dichtem Schneegest\u00f6ber angereisten G\u00e4sten auch von au\u00dferhalb des AFZ- gab es einen interessanten Vortrag von Benjamin Bachmaier zum Alpenflug.<\/p>\n<p><a href=\"https:\/\/www.alpenflugzentrum.de\/wordpress\/wp-content\/uploads\/2016\/01\/DSC00282.jpg\"><img loading=\"lazy\" decoding=\"async\" class=\"alignnone size-thumbnail wp-image-3388\" src=\"https:\/\/www.alpenflugzentrum.de\/wordpress\/wp-content\/uploads\/2016\/01\/DSC00282-150x150.jpg\" alt=\"DSC00282\" width=\"150\" height=\"150\" \/><\/a><\/p>\n<p>Wobei &#8211; eigentlich suchte Benjamin eher auch die Diskussion zu seinen Themen und Thesen. Und mit unserem Jan, Mathias und vielen anderen mehr fand er auch Mitstreiter f\u00fcr seine Sichtweisen zu Thermik und Welle, Taktik und Tricks, Strategie und Rahmenbedingungen des Alpen-Segelflugs im 21. Jahrhundert. Und nicht nur dort, auch spannende Betrachtungen zu einer Segelflug-Expedition in den Atlas zum Beispiel fanden interessierte Zuh\u00f6rer.<\/p>\n<p>Die \u00dcberzeugungen von Benjamin sind zu guten Teilen gegen den Strich der g\u00e4ngigen Literatur geb\u00fcrstet- aber der Bl\u00e4tterwald geh\u00f6rt auch mal entstaubt&#8230;<\/p>\n<p>So war eine seinere Schlu\u00dffolgerungen zum Wellen-Fliegen: Rotoren gibts nicht! Vielmehr ist das, was in der Literatur gemeinhin als Rotor bezeichnet wird, ein Konglomerat aus Thermik, lokal kleinstr\u00e4umigen Tiefdruck\/Hochdruck-Wechselwirkungen der dar\u00fcber liegenden Wellen und anderen Faktoren. Die werden so erkl\u00e4rt, aber &#8211; sei es einzeln auftretend oder zusammen &#8211; halt stark steigen oder sinken produzieren und halt nunmal eben als Rotor definiert wurden.<\/p>\n<p><a href=\"https:\/\/www.alpenflugzentrum.de\/wordpress\/wp-content\/uploads\/2016\/01\/DSC00291.jpg\"><img loading=\"lazy\" decoding=\"async\" class=\"alignnone size-thumbnail wp-image-3389\" src=\"https:\/\/www.alpenflugzentrum.de\/wordpress\/wp-content\/uploads\/2016\/01\/DSC00291-150x150.jpg\" alt=\"DSC00291\" width=\"150\" height=\"150\" \/><\/a><\/p>\n<p>Plausibel waren die Erkl\u00e4rungen, was auch die Anwesenden -unter ihnen mit Jan ja auch ein &#8222;Met-Profi&#8220; -mehrheitlich bejahten.<\/p>\n<p>Alles in allem ein kurzweiliger Nachmittag, der in Windeseile vor\u00fcberzog und auch erst am fr\u00fchen Abend gegen halb sechs endete. Danke, Benjamin!<\/p>\n<p>&nbsp;<\/p>\n<p>&nbsp;<\/p>\n<p>&nbsp;<\/p>\n<p>&nbsp;<\/p>\n<p>&nbsp;<\/p>\n<p>&nbsp;<\/p>\n","protected":false},"excerpt":{"rendered":"<p>&#8230;und viele andere Erkenntnisse waren der Ausflu\u00df des letzten Streckenfliegernachmittags am letzten Samstag. Vor vollem Haus -mit vielen trotz dichtem Schneegest\u00f6ber angereisten G\u00e4sten auch von au\u00dferhalb des AFZ- gab es einen interessanten Vortrag von Benjamin Bachmaier zum Alpenflug. Wobei &#8211; eigentlich suchte Benjamin eher auch die Diskussion zu seinen Themen und Thesen. Und mit unserem &hellip; <a href=\"https:\/\/www.alpenflugzentrum.de\/wordpress\/?p=3387\" class=\"more-link\"><span class=\"screen-reader-text\">Der Rotor wurde abgeschafft&#8230;<\/span> weiterlesen <span class=\"meta-nav\">&rarr;<\/span><\/a><\/p>\n","protected":false},"author":10,"featured_media":0,"comment_status":"closed","ping_status":"closed","sticky":false,"template":"","format":"standard","meta":{"footnotes":""},"categories":[5],"tags":[],"class_list":["post-3387","post","type-post","status-publish","format-standard","hentry","category-vereinsnachrichten"],"_links":{"self":[{"href":"https:\/\/www.alpenflugzentrum.de\/wordpress\/index.php?rest_route=\/wp\/v2\/posts\/3387","targetHints":{"allow":["GET"]}}],"collection":[{"href":"https:\/\/www.alpenflugzentrum.de\/wordpress\/index.php?rest_route=\/wp\/v2\/posts"}],"about":[{"href":"https:\/\/www.alpenflugzentrum.de\/wordpress\/index.php?rest_route=\/wp\/v2\/types\/post"}],"author":[{"embeddable":true,"href":"https:\/\/www.alpenflugzentrum.de\/wordpress\/index.php?rest_route=\/wp\/v2\/users\/10"}],"replies":[{"embeddable":true,"href":"https:\/\/www.alpenflugzentrum.de\/wordpress\/index.php?rest_route=%2Fwp%2Fv2%2Fcomments&post=3387"}],"version-history":[{"count":1,"href":"https:\/\/www.alpenflugzentrum.de\/wordpress\/index.php?rest_route=\/wp\/v2\/posts\/3387\/revisions"}],"predecessor-version":[{"id":3390,"href":"https:\/\/www.alpenflugzentrum.de\/wordpress\/index.php?rest_route=\/wp\/v2\/posts\/3387\/revisions\/3390"}],"wp:attachment":[{"href":"https:\/\/www.alpenflugzentrum.de\/wordpress\/index.php?rest_route=%2Fwp%2Fv2%2Fmedia&parent=3387"}],"wp:term":[{"taxonomy":"category","embeddable":true,"href":"https:\/\/www.alpenflugzentrum.de\/wordpress\/index.php?rest_route=%2Fwp%2Fv2%2Fcategories&post=3387"},{"taxonomy":"post_tag","embeddable":true,"href":"https:\/\/www.alpenflugzentrum.de\/wordpress\/index.php?rest_route=%2Fwp%2Fv2%2Ftags&post=3387"}],"curies":[{"name":"wp","href":"https:\/\/api.w.org\/{rel}","templated":true}]}}