{"id":3399,"date":"2016-02-21T23:20:11","date_gmt":"2016-02-21T22:20:11","guid":{"rendered":"http:\/\/ww2.alpenflugzentrum.de\/wordpress\/?p=3399"},"modified":"2016-02-21T23:20:11","modified_gmt":"2016-02-21T22:20:11","slug":"norden-sueden","status":"publish","type":"post","link":"https:\/\/www.alpenflugzentrum.de\/wordpress\/?p=3399","title":{"rendered":"Norden &#8211; S\u00fcden"},"content":{"rendered":"<p>Er ist doch &#8222;a g\u00b4wiefter Bub&#8220;, unser Kurt. T\u00fcftelt, macht, tut, probiert. Und heraus kommt ein sch\u00f6nes gro\u00dfes Dreieck gegen den Strich (von West nach Ost), mit dem man auch im Hochsommer noch kr\u00e4ftig DMSt und OLC Punkte fliegen kann (s. auch vorheriger Eintrag).<\/p>\n<p>Hervorragend aufbereitet und mit vielen Tips konnten die Zuh\u00f6rer Samstag vor einer Woche verfolgen, wie Kurt sich \u00fcber das Inntal und den Tegernsee bis zum Schlo\u00df Linderhof vortastet, die Wieskirchen als Wende im Flachland anfliegt und von da aus schnurstracks in den Engadin macht, um dann am Nachmittag noch bis zum Tauerntunnel zu brettern. Und das hat er nicht nur schon einmal geschafft, sondern auch schon ein paarmal.<\/p>\n<p>Wie interessant die Routenwahl ist, das konnte man auch daran ausmachen, dass der eine oder andere Gast von Flugpl\u00e4tzen &#8222;en route&#8220; des Dreiecks zu Gast war.<\/p>\n<p>Zur Nachahmung empfohlen &#8211; darfs auch was kleiner sein ? Auch da hatte Kurt f\u00fcr die Standard oder Clubklasse einen Routenvorschlag auf Lager. Die Flugsaison 2016 beginnt ja bald !<\/p>\n<p>Zu Ende ist die Saison auf der S\u00fcdhalbkugel, dort war das AFZ in Afrika mit Bernd und Hermann vertreten, ferner hat\u00a0 wie gewohnt hat Hans-Georg Australien unsicher gemacht. Flei\u00dfig geflogen sind die drei alle, wobei sich vor allem Bernd um unseren Schnitt fr\u00fch im Jahr verdient gemacht hat &#8211; 21 Starts, fast 125 h, das kann sich sehen lassen.<\/p>\n<p>Und immerhin einen Flug \u00fcber 900 km. Auch Hans-Georg hat schon 100 h im Cockpit hinter sich &#8211; und die Saison auf der Nordhalbkugel noch vor sich.<\/p>\n<p>&nbsp;<\/p>\n<p>&nbsp;<\/p>\n<p>&nbsp;<\/p>\n<p>&nbsp;<\/p>\n<p>&nbsp;<\/p>\n<p>&nbsp;<\/p>\n","protected":false},"excerpt":{"rendered":"<p>Er ist doch &#8222;a g\u00b4wiefter Bub&#8220;, unser Kurt. T\u00fcftelt, macht, tut, probiert. Und heraus kommt ein sch\u00f6nes gro\u00dfes Dreieck gegen den Strich (von West nach Ost), mit dem man auch im Hochsommer noch kr\u00e4ftig DMSt und OLC Punkte fliegen kann (s. auch vorheriger Eintrag). Hervorragend aufbereitet und mit vielen Tips konnten die Zuh\u00f6rer Samstag vor &hellip; <a href=\"https:\/\/www.alpenflugzentrum.de\/wordpress\/?p=3399\" class=\"more-link\"><span class=\"screen-reader-text\">Norden &#8211; S\u00fcden<\/span> weiterlesen <span class=\"meta-nav\">&rarr;<\/span><\/a><\/p>\n","protected":false},"author":10,"featured_media":0,"comment_status":"closed","ping_status":"closed","sticky":false,"template":"","format":"standard","meta":{"footnotes":""},"categories":[5],"tags":[],"class_list":["post-3399","post","type-post","status-publish","format-standard","hentry","category-vereinsnachrichten"],"_links":{"self":[{"href":"https:\/\/www.alpenflugzentrum.de\/wordpress\/index.php?rest_route=\/wp\/v2\/posts\/3399","targetHints":{"allow":["GET"]}}],"collection":[{"href":"https:\/\/www.alpenflugzentrum.de\/wordpress\/index.php?rest_route=\/wp\/v2\/posts"}],"about":[{"href":"https:\/\/www.alpenflugzentrum.de\/wordpress\/index.php?rest_route=\/wp\/v2\/types\/post"}],"author":[{"embeddable":true,"href":"https:\/\/www.alpenflugzentrum.de\/wordpress\/index.php?rest_route=\/wp\/v2\/users\/10"}],"replies":[{"embeddable":true,"href":"https:\/\/www.alpenflugzentrum.de\/wordpress\/index.php?rest_route=%2Fwp%2Fv2%2Fcomments&post=3399"}],"version-history":[{"count":2,"href":"https:\/\/www.alpenflugzentrum.de\/wordpress\/index.php?rest_route=\/wp\/v2\/posts\/3399\/revisions"}],"predecessor-version":[{"id":3401,"href":"https:\/\/www.alpenflugzentrum.de\/wordpress\/index.php?rest_route=\/wp\/v2\/posts\/3399\/revisions\/3401"}],"wp:attachment":[{"href":"https:\/\/www.alpenflugzentrum.de\/wordpress\/index.php?rest_route=%2Fwp%2Fv2%2Fmedia&parent=3399"}],"wp:term":[{"taxonomy":"category","embeddable":true,"href":"https:\/\/www.alpenflugzentrum.de\/wordpress\/index.php?rest_route=%2Fwp%2Fv2%2Fcategories&post=3399"},{"taxonomy":"post_tag","embeddable":true,"href":"https:\/\/www.alpenflugzentrum.de\/wordpress\/index.php?rest_route=%2Fwp%2Fv2%2Ftags&post=3399"}],"curies":[{"name":"wp","href":"https:\/\/api.w.org\/{rel}","templated":true}]}}