{"id":3774,"date":"2017-02-05T10:16:44","date_gmt":"2017-02-05T09:16:44","guid":{"rendered":"http:\/\/ww2.alpenflugzentrum.de\/wordpress\/?p=3774"},"modified":"2017-02-05T10:20:31","modified_gmt":"2017-02-05T09:20:31","slug":"3774","status":"publish","type":"post","link":"https:\/\/www.alpenflugzentrum.de\/wordpress\/?p=3774","title":{"rendered":""},"content":{"rendered":"<p><strong>N\u00e4chster Streckenfliegernachmittag!<\/strong><\/p>\n<p>Und wieder haben wir einen interessanten Nachmittag vor uns, und zwar am<\/p>\n<p><strong>Samstag, 11.02.2017 um 14:00 Uhr<\/strong><\/p>\n<p><strong>Andrea Schlapbach &#8211; FLARM &#8211; Altes und Neues<\/strong><\/p>\n<p><a href=\"https:\/\/www.alpenflugzentrum.de\/wordpress\/wp-content\/uploads\/2017\/02\/FLARM_logo.png\"><img loading=\"lazy\" decoding=\"async\" src=\"https:\/\/www.alpenflugzentrum.de\/wordpress\/wp-content\/uploads\/2017\/02\/FLARM_logo.png\" alt=\"\" width=\"220\" height=\"146\" class=\"alignnone size-full wp-image-3779\" \/><\/a><\/p>\n<p>Andrea Schlapbach ist Mitbegr\u00fcnder von FLARM und in dessen F\u00fchrungsteam<\/p>\n<p>FLARM mu\u00df man eigentlich nicht extra vorstellen. Andrea Schlapbach kann uns aber sicher als der Insider schlechthin viel zur Historie und auch zu neuesten Entwicklungen berichten. Andrea war schon vor vielen Jahren einmal zu Gast bei uns, umso sch\u00f6ner, dass er uns wieder besuchen kommt! Andrea wird u.a. auf die folgenden Themen eingehen:<br \/>\nADS-B, Alternativen, Anonymit\u00e4t \/ Privatsph\u00e4re \/ Datenschutz, Drohnen, Finanzierung, Innovation, Kompatibilit\u00e4t, Monopol, Open Source, Risiko, R\u00fcckw\u00e4rtskompatibilit\u00e4t, Standard, Verantwortlichkeiten.<br \/>\nAlso einige sehr interessante und spannnende Themen!<\/p>\n<p>Beginn wie gewohnt im Schulungsraum der DASSU ab 14:00 Uhr, Kuchen und Kaffee gibt es auch wieder\u2026.<\/p>\n","protected":false},"excerpt":{"rendered":"<p>N\u00e4chster Streckenfliegernachmittag! Und wieder haben wir einen interessanten Nachmittag vor uns, und zwar am Samstag, 11.02.2017 um 14:00 Uhr Andrea Schlapbach &#8211; FLARM &#8211; Altes und Neues Andrea Schlapbach ist Mitbegr\u00fcnder von FLARM und in dessen F\u00fchrungsteam FLARM mu\u00df man eigentlich nicht extra vorstellen. Andrea Schlapbach kann uns aber sicher als der Insider schlechthin viel &hellip; <a href=\"https:\/\/www.alpenflugzentrum.de\/wordpress\/?p=3774\" class=\"more-link\"><span class=\"screen-reader-text\"><\/span> weiterlesen <span class=\"meta-nav\">&rarr;<\/span><\/a><\/p>\n","protected":false},"author":9,"featured_media":0,"comment_status":"closed","ping_status":"closed","sticky":false,"template":"","format":"standard","meta":{"footnotes":""},"categories":[5],"tags":[],"class_list":["post-3774","post","type-post","status-publish","format-standard","hentry","category-vereinsnachrichten"],"_links":{"self":[{"href":"https:\/\/www.alpenflugzentrum.de\/wordpress\/index.php?rest_route=\/wp\/v2\/posts\/3774","targetHints":{"allow":["GET"]}}],"collection":[{"href":"https:\/\/www.alpenflugzentrum.de\/wordpress\/index.php?rest_route=\/wp\/v2\/posts"}],"about":[{"href":"https:\/\/www.alpenflugzentrum.de\/wordpress\/index.php?rest_route=\/wp\/v2\/types\/post"}],"author":[{"embeddable":true,"href":"https:\/\/www.alpenflugzentrum.de\/wordpress\/index.php?rest_route=\/wp\/v2\/users\/9"}],"replies":[{"embeddable":true,"href":"https:\/\/www.alpenflugzentrum.de\/wordpress\/index.php?rest_route=%2Fwp%2Fv2%2Fcomments&post=3774"}],"version-history":[{"count":5,"href":"https:\/\/www.alpenflugzentrum.de\/wordpress\/index.php?rest_route=\/wp\/v2\/posts\/3774\/revisions"}],"predecessor-version":[{"id":3781,"href":"https:\/\/www.alpenflugzentrum.de\/wordpress\/index.php?rest_route=\/wp\/v2\/posts\/3774\/revisions\/3781"}],"wp:attachment":[{"href":"https:\/\/www.alpenflugzentrum.de\/wordpress\/index.php?rest_route=%2Fwp%2Fv2%2Fmedia&parent=3774"}],"wp:term":[{"taxonomy":"category","embeddable":true,"href":"https:\/\/www.alpenflugzentrum.de\/wordpress\/index.php?rest_route=%2Fwp%2Fv2%2Fcategories&post=3774"},{"taxonomy":"post_tag","embeddable":true,"href":"https:\/\/www.alpenflugzentrum.de\/wordpress\/index.php?rest_route=%2Fwp%2Fv2%2Ftags&post=3774"}],"curies":[{"name":"wp","href":"https:\/\/api.w.org\/{rel}","templated":true}]}}