{"id":3905,"date":"2017-05-23T21:50:15","date_gmt":"2017-05-23T19:50:15","guid":{"rendered":"http:\/\/ww2.alpenflugzentrum.de\/wordpress\/?p=3905"},"modified":"2017-05-23T21:50:15","modified_gmt":"2017-05-23T19:50:15","slug":"dienstag-4-wettbewerbstag-drinking-imteam-vorarlberg","status":"publish","type":"post","link":"https:\/\/www.alpenflugzentrum.de\/wordpress\/?p=3905","title":{"rendered":"Dienstag, 4. Wettbewerbstag: Drinking (im)Team Vorarlberg"},"content":{"rendered":"<p><a href=\"https:\/\/www.alpenflugzentrum.de\/wordpress\/wp-content\/uploads\/2017\/05\/Tag-4-Dienstag-027.jpg\"><img loading=\"lazy\" decoding=\"async\" class=\"alignnone size-thumbnail wp-image-3906\" src=\"https:\/\/www.alpenflugzentrum.de\/wordpress\/wp-content\/uploads\/2017\/05\/Tag-4-Dienstag-027-150x150.jpg\" alt=\"\" width=\"150\" height=\"150\" \/><\/a><\/p>\n<p>Ok, es ist an Titel und Bild leicht zu erraten; heute wurde der Tag neutralisiert.<\/p>\n<p>Der Bodennebel ist im Lauf des morgens zwar gewichen, aber leider war die Gesamtgemengelage aus Restfeuchte von gestern, Luftmassenschichtung und Labilit\u00e4t so unausgewogen, dass Martin den Wettbewerb mittags in einen Ruhetag geschickt hat.<\/p>\n<p>Nicht aber ohne am Nachmittag den Treff bei den Forellen auszurufen. Es ist gute Tradition des AAC, dem Herrn und Gott der Thermik ein Fischopfer darzubieten (Knausrig wie der Segelflieger nun mal eben ist isst er das Fischchen lieber selbst und l\u00e4\u00dft es mit dem guten Willen bewenden).<\/p>\n<p>So hatte jeder Zeit, den fr\u00fchen Nachmittag f\u00fcr &#8222;seins&#8220; zu nutzen. Leider auch zwei Teilnehmer um vorzeitig abzur\u00fcsten. Werners harte Landung vom Vortag hatte leider eine Besch\u00e4digung des Rumpfes zur Folge. Ein weiterer Teilnehmer hatte Motorschaden und muss die Segel auch leider streichen.<\/p>\n<p>Aber Ute&#8217;s Sachen sind wenigstens wieder trocken !<\/p>\n<p>Auf dem Weg zum Forellenessen haben wir unseren lieben Freund Helmut aus Vorarlberg in seinem Quartier eingesammelt. Da muss man immer aufpassen, denn seine Vermieterin ist sehr gut darin, Schn\u00e4pse anzusetzen.<\/p>\n<p>Und auch gut darin, die an den Mann (oder die Frau) zu bringen&#8230;<\/p>\n<p>Wir haben den Absprung aber geschafft und uns den Fisch munden lassen. Zusammen mit dem ein oder anderen Bier versteht sich<\/p>\n<p><a href=\"https:\/\/www.alpenflugzentrum.de\/wordpress\/wp-content\/uploads\/2017\/05\/Tag-4-Dienstag-037.jpg\"><img loading=\"lazy\" decoding=\"async\" class=\"alignnone size-thumbnail wp-image-3907\" src=\"https:\/\/www.alpenflugzentrum.de\/wordpress\/wp-content\/uploads\/2017\/05\/Tag-4-Dienstag-037-150x150.jpg\" alt=\"\" width=\"150\" height=\"150\" \/><\/a><\/p>\n<p>F\u00fcr diesen Beitrag wurden keine Tiere gequ\u00e4lt oder unn\u00f6tigen Gefahren ausgesetzt.<\/p>\n<p>Au\u00dfer den Forellen vielleicht&#8230;<\/p>\n<p>Ferner keine \u00d6sterreichischen Promillegrenzen verletzt- einer muss fahren und ist halt leider immer der Looser )-:<\/p>\n<p>&nbsp;<\/p>\n","protected":false},"excerpt":{"rendered":"<p>Ok, es ist an Titel und Bild leicht zu erraten; heute wurde der Tag neutralisiert. Der Bodennebel ist im Lauf des morgens zwar gewichen, aber leider war die Gesamtgemengelage aus Restfeuchte von gestern, Luftmassenschichtung und Labilit\u00e4t so unausgewogen, dass Martin den Wettbewerb mittags in einen Ruhetag geschickt hat. Nicht aber ohne am Nachmittag den Treff &hellip; <a href=\"https:\/\/www.alpenflugzentrum.de\/wordpress\/?p=3905\" class=\"more-link\"><span class=\"screen-reader-text\">Dienstag, 4. Wettbewerbstag: Drinking (im)Team Vorarlberg<\/span> weiterlesen <span class=\"meta-nav\">&rarr;<\/span><\/a><\/p>\n","protected":false},"author":10,"featured_media":0,"comment_status":"closed","ping_status":"closed","sticky":false,"template":"","format":"standard","meta":{"footnotes":""},"categories":[41],"tags":[],"class_list":["post-3905","post","type-post","status-publish","format-standard","hentry","category-aac-2017"],"_links":{"self":[{"href":"https:\/\/www.alpenflugzentrum.de\/wordpress\/index.php?rest_route=\/wp\/v2\/posts\/3905","targetHints":{"allow":["GET"]}}],"collection":[{"href":"https:\/\/www.alpenflugzentrum.de\/wordpress\/index.php?rest_route=\/wp\/v2\/posts"}],"about":[{"href":"https:\/\/www.alpenflugzentrum.de\/wordpress\/index.php?rest_route=\/wp\/v2\/types\/post"}],"author":[{"embeddable":true,"href":"https:\/\/www.alpenflugzentrum.de\/wordpress\/index.php?rest_route=\/wp\/v2\/users\/10"}],"replies":[{"embeddable":true,"href":"https:\/\/www.alpenflugzentrum.de\/wordpress\/index.php?rest_route=%2Fwp%2Fv2%2Fcomments&post=3905"}],"version-history":[{"count":1,"href":"https:\/\/www.alpenflugzentrum.de\/wordpress\/index.php?rest_route=\/wp\/v2\/posts\/3905\/revisions"}],"predecessor-version":[{"id":3908,"href":"https:\/\/www.alpenflugzentrum.de\/wordpress\/index.php?rest_route=\/wp\/v2\/posts\/3905\/revisions\/3908"}],"wp:attachment":[{"href":"https:\/\/www.alpenflugzentrum.de\/wordpress\/index.php?rest_route=%2Fwp%2Fv2%2Fmedia&parent=3905"}],"wp:term":[{"taxonomy":"category","embeddable":true,"href":"https:\/\/www.alpenflugzentrum.de\/wordpress\/index.php?rest_route=%2Fwp%2Fv2%2Fcategories&post=3905"},{"taxonomy":"post_tag","embeddable":true,"href":"https:\/\/www.alpenflugzentrum.de\/wordpress\/index.php?rest_route=%2Fwp%2Fv2%2Ftags&post=3905"}],"curies":[{"name":"wp","href":"https:\/\/api.w.org\/{rel}","templated":true}]}}