{"id":3909,"date":"2017-05-25T09:34:34","date_gmt":"2017-05-25T07:34:34","guid":{"rendered":"http:\/\/ww2.alpenflugzentrum.de\/wordpress\/?p=3909"},"modified":"2017-05-25T09:34:34","modified_gmt":"2017-05-25T07:34:34","slug":"das-leben-des-segelfliegers-besteht-aus-warten","status":"publish","type":"post","link":"https:\/\/www.alpenflugzentrum.de\/wordpress\/?p=3909","title":{"rendered":"Das Leben des Segelfliegers besteht aus warten&#8230;"},"content":{"rendered":"<p>&#8230;im Falle des gestrigen Tages auf der Kombi: Warten auf Thermik und: warten auf den Start.Laaaaanges Warten.<\/p>\n<p>Da ich noch ein kurzfristiges Date mit einem lokalen Zahnmediziner hatte (vgl. Montag) wurde bei mir die Wartezeit etwas verk\u00fcrzt.<\/p>\n<p><a href=\"https:\/\/www.alpenflugzentrum.de\/wordpress\/wp-content\/uploads\/2017\/05\/Tag-5-Mittwoch-010.jpg\"><img loading=\"lazy\" decoding=\"async\" class=\"alignnone size-thumbnail wp-image-3910\" src=\"https:\/\/www.alpenflugzentrum.de\/wordpress\/wp-content\/uploads\/2017\/05\/Tag-5-Mittwoch-010-150x150.jpg\" alt=\"\" width=\"150\" height=\"150\" \/><\/a><\/p>\n<p>Daf\u00fcr ist die L\u00fccke in meinen Bei\u00dferchen wieder zu und ich kann mich daheim in Ruhe um eine endg\u00fcltige L\u00f6sung k\u00fcmmern. Allerdings w\u00fcrde ich zu gerne etwas von diesem schnell-Zahn-Klebebeton Teufelszeug bekommen, denn damit kann man bestimmt auch schnell Flugzeuge reparieren&#8230;.<\/p>\n<p>Ute wusste ab Mittag, dass Sie den Tag frei hat. Die offene Klasse hockte &#8211; mit einer Minimalaufgabe ausgestattet, ab 13:00 bei den Flugzeugen.<\/p>\n<p>Und das Wetter machte mal auf &#8211; mal zu. Als dann ein Duo, als Testballon gestartet, das erste Mal steigen verk\u00fcndete ging die Post ab: Ab 15:00 wildes Hin- und Hergeschachtel in den Startreihen, um die Eigenstarter und die Schleppbed\u00fcrftigen Turbos und reinen Segelflugzeuge besser zu verzahnen. Der Plackerei Lohn: nach einer halben Stunde 24 Flugzeuge an den Himmel ger\u00e4umt.<\/p>\n<p>Von denen tauchten bald eine Reihe wieder auf, entweder Triebwerk zum Wiederstart ziehen oder landen. Auch steckte der eine oder andere auf.<\/p>\n<p>Roland hat es zwar versucht, geh\u00f6rte aber zu den gut 50 % des Feldes, die kein Rezept gegen bzw. f\u00fcr das Wetter fanden. Der Rest hat wohl auch mit einigem Gl\u00fcck tats\u00e4chlich dem Mix aus Abschattungen, Nordwind und ein bisschen Thermik eine Tageswertung abgetrotzt.<\/p>\n<p>Aber heute ist auch noch ein Tag&#8230;. Und das Wetter sieht so schlecht nicht aus f\u00fcr die\u00a0 n\u00e4chsten Tage. Damit nicht alles f\u00fcr die Katz. Die will ohnehin nur das Leckerli.<\/p>\n<p><a href=\"https:\/\/www.alpenflugzentrum.de\/wordpress\/wp-content\/uploads\/2017\/05\/Tag-5-Mittwoch-035.jpg\"><img loading=\"lazy\" decoding=\"async\" class=\"alignnone size-thumbnail wp-image-3911\" src=\"https:\/\/www.alpenflugzentrum.de\/wordpress\/wp-content\/uploads\/2017\/05\/Tag-5-Mittwoch-035-150x150.jpg\" alt=\"\" width=\"150\" height=\"150\" \/><\/a><\/p>\n<p>&nbsp;<\/p>\n<p>&nbsp;<\/p>\n<p>&nbsp;<\/p>\n","protected":false},"excerpt":{"rendered":"<p>&#8230;im Falle des gestrigen Tages auf der Kombi: Warten auf Thermik und: warten auf den Start.Laaaaanges Warten. Da ich noch ein kurzfristiges Date mit einem lokalen Zahnmediziner hatte (vgl. Montag) wurde bei mir die Wartezeit etwas verk\u00fcrzt. Daf\u00fcr ist die L\u00fccke in meinen Bei\u00dferchen wieder zu und ich kann mich daheim in Ruhe um eine &hellip; <a href=\"https:\/\/www.alpenflugzentrum.de\/wordpress\/?p=3909\" class=\"more-link\"><span class=\"screen-reader-text\">Das Leben des Segelfliegers besteht aus warten&#8230;<\/span> weiterlesen <span class=\"meta-nav\">&rarr;<\/span><\/a><\/p>\n","protected":false},"author":10,"featured_media":0,"comment_status":"closed","ping_status":"closed","sticky":false,"template":"","format":"standard","meta":{"footnotes":""},"categories":[41],"tags":[],"class_list":["post-3909","post","type-post","status-publish","format-standard","hentry","category-aac-2017"],"_links":{"self":[{"href":"https:\/\/www.alpenflugzentrum.de\/wordpress\/index.php?rest_route=\/wp\/v2\/posts\/3909","targetHints":{"allow":["GET"]}}],"collection":[{"href":"https:\/\/www.alpenflugzentrum.de\/wordpress\/index.php?rest_route=\/wp\/v2\/posts"}],"about":[{"href":"https:\/\/www.alpenflugzentrum.de\/wordpress\/index.php?rest_route=\/wp\/v2\/types\/post"}],"author":[{"embeddable":true,"href":"https:\/\/www.alpenflugzentrum.de\/wordpress\/index.php?rest_route=\/wp\/v2\/users\/10"}],"replies":[{"embeddable":true,"href":"https:\/\/www.alpenflugzentrum.de\/wordpress\/index.php?rest_route=%2Fwp%2Fv2%2Fcomments&post=3909"}],"version-history":[{"count":1,"href":"https:\/\/www.alpenflugzentrum.de\/wordpress\/index.php?rest_route=\/wp\/v2\/posts\/3909\/revisions"}],"predecessor-version":[{"id":3912,"href":"https:\/\/www.alpenflugzentrum.de\/wordpress\/index.php?rest_route=\/wp\/v2\/posts\/3909\/revisions\/3912"}],"wp:attachment":[{"href":"https:\/\/www.alpenflugzentrum.de\/wordpress\/index.php?rest_route=%2Fwp%2Fv2%2Fmedia&parent=3909"}],"wp:term":[{"taxonomy":"category","embeddable":true,"href":"https:\/\/www.alpenflugzentrum.de\/wordpress\/index.php?rest_route=%2Fwp%2Fv2%2Fcategories&post=3909"},{"taxonomy":"post_tag","embeddable":true,"href":"https:\/\/www.alpenflugzentrum.de\/wordpress\/index.php?rest_route=%2Fwp%2Fv2%2Ftags&post=3909"}],"curies":[{"name":"wp","href":"https:\/\/api.w.org\/{rel}","templated":true}]}}