{"id":3913,"date":"2017-05-26T10:40:10","date_gmt":"2017-05-26T08:40:10","guid":{"rendered":"http:\/\/ww2.alpenflugzentrum.de\/wordpress\/?p=3913"},"modified":"2017-05-26T10:40:10","modified_gmt":"2017-05-26T08:40:10","slug":"wir-haben-wieder-alle-tassen-im-schrank","status":"publish","type":"post","link":"https:\/\/www.alpenflugzentrum.de\/wordpress\/?p=3913","title":{"rendered":"Wir haben wieder alle Tassen im Schrank&#8230;"},"content":{"rendered":"<p>&#8230;vor lauter fliegen haben wir endlich mal dran gedacht die Geschirrsp\u00fclmaschine anzuwerfen (-:<\/p>\n<p>Heute stand dann auch wieder eines im Vordergrund: fliegen, fliegen fliegen. Sogar ich hatte das erste Mal Gelegenheit, meinen Kugelporsche aus seinem weiss blauen Gef\u00e4ngnis zu befreien und mal eine Runde fliegen zu gehen.<\/p>\n<p>Und der Rest erstmal, 350 bzw. 380 km auf Strecke gejagt. Und bei dem Nordwind schnell unterwegs, wobei, so ganz ohne ist das dann doch nicht. Unsere Recken haben sich wacker geschlagen. Leider fehlte Ute f\u00fcr den Endanflug ein bisschen H\u00f6he &#8211; sie hockte dann am fr\u00fchen Abend in Annenheim auf der Wiese am Anfang des Ossiacher Sees.<\/p>\n<p><a href=\"https:\/\/www.alpenflugzentrum.de\/wordpress\/wp-content\/uploads\/2017\/05\/Tag-6-Donnerstag-037.jpg\"><img loading=\"lazy\" decoding=\"async\" class=\"alignnone size-thumbnail wp-image-3914\" src=\"https:\/\/www.alpenflugzentrum.de\/wordpress\/wp-content\/uploads\/2017\/05\/Tag-6-Donnerstag-037-150x150.jpg\" alt=\"\" width=\"150\" height=\"150\" \/><\/a><a href=\"https:\/\/www.alpenflugzentrum.de\/wordpress\/wp-content\/uploads\/2017\/05\/Tag-6-Donnerstag-036.jpg\"><img loading=\"lazy\" decoding=\"async\" class=\"alignnone size-thumbnail wp-image-3917\" src=\"https:\/\/www.alpenflugzentrum.de\/wordpress\/wp-content\/uploads\/2017\/05\/Tag-6-Donnerstag-036-150x150.jpg\" alt=\"\" width=\"150\" height=\"150\" \/><\/a><\/p>\n<p>Roland ist heimgekommen, allerdings hat er einen zweiten Anlauf auf die letzte Wende in den Karawanken gebraucht. Das hat den Schnitt leider gebremst.<\/p>\n<p>Die Optik beim fliegen heut war grandios &#8211; der Mix aus Thermik (mit Basen um die 3000 m und ansteigend), von der Feuchte und Wind-induziert gebildeten Wolkenpaketen und Basisspr\u00fcngen\/Rotoren und auch Konvergenzen war herrlich anzuschauen.<\/p>\n<p>Aber wie gesagt -so ganz ohne wars nicht. Sicher fliegen \u00e4u\u00dfert sich dann in konsequenten Entscheidungen. So bei Christian Hynek, der kurz vor dem Platz eine Au\u00dfenlandung machte &#8211; &#8222;es gibt H\u00f6hen da wirft man den Motor nicht mehr&#8220;. Dem ist nichts hinzuzuf\u00fcgen.<\/p>\n<p>Das mit den Luftr\u00e4umen ist auch so eine Sache, Martin Huber k\u00fcndigt brettlbreit an, das man nicht reinstolpern soll &#8211; und jeden Tag erwischt es einen der sich einen &#8222;Nuller&#8220; vor dem Abflug zieht oder den Flug mittendrin mit einer Fotolandung an der Luftraumgrenze beendet. Nun ja, wir haben ja noch zwei Tage zum perfektionieren.<\/p>\n<p><a href=\"https:\/\/www.alpenflugzentrum.de\/wordpress\/wp-content\/uploads\/2017\/05\/Tag-6-Donnerstag-075.jpg\"><img loading=\"lazy\" decoding=\"async\" class=\"alignnone size-thumbnail wp-image-3916\" src=\"https:\/\/www.alpenflugzentrum.de\/wordpress\/wp-content\/uploads\/2017\/05\/Tag-6-Donnerstag-075-150x150.jpg\" alt=\"\" width=\"150\" height=\"150\" \/><\/a><\/p>\n<p>Und liebe DASSU, auch wenn unseren \u00f6sterreichischen Freunden vielleicht das Geld f\u00fcr vier R\u00e4der fehlt, solche Melex find ich viel Cooler !!!<\/p>\n<p>&nbsp;<\/p>\n<p>&nbsp;<\/p>\n<p>&nbsp;<\/p>\n<p>&nbsp;<\/p>\n<p>&nbsp;<\/p>\n","protected":false},"excerpt":{"rendered":"<p>&#8230;vor lauter fliegen haben wir endlich mal dran gedacht die Geschirrsp\u00fclmaschine anzuwerfen (-: Heute stand dann auch wieder eines im Vordergrund: fliegen, fliegen fliegen. Sogar ich hatte das erste Mal Gelegenheit, meinen Kugelporsche aus seinem weiss blauen Gef\u00e4ngnis zu befreien und mal eine Runde fliegen zu gehen. Und der Rest erstmal, 350 bzw. 380 km &hellip; <a href=\"https:\/\/www.alpenflugzentrum.de\/wordpress\/?p=3913\" class=\"more-link\"><span class=\"screen-reader-text\">Wir haben wieder alle Tassen im Schrank&#8230;<\/span> weiterlesen <span class=\"meta-nav\">&rarr;<\/span><\/a><\/p>\n","protected":false},"author":10,"featured_media":0,"comment_status":"closed","ping_status":"closed","sticky":false,"template":"","format":"standard","meta":{"footnotes":""},"categories":[41],"tags":[],"class_list":["post-3913","post","type-post","status-publish","format-standard","hentry","category-aac-2017"],"_links":{"self":[{"href":"https:\/\/www.alpenflugzentrum.de\/wordpress\/index.php?rest_route=\/wp\/v2\/posts\/3913","targetHints":{"allow":["GET"]}}],"collection":[{"href":"https:\/\/www.alpenflugzentrum.de\/wordpress\/index.php?rest_route=\/wp\/v2\/posts"}],"about":[{"href":"https:\/\/www.alpenflugzentrum.de\/wordpress\/index.php?rest_route=\/wp\/v2\/types\/post"}],"author":[{"embeddable":true,"href":"https:\/\/www.alpenflugzentrum.de\/wordpress\/index.php?rest_route=\/wp\/v2\/users\/10"}],"replies":[{"embeddable":true,"href":"https:\/\/www.alpenflugzentrum.de\/wordpress\/index.php?rest_route=%2Fwp%2Fv2%2Fcomments&post=3913"}],"version-history":[{"count":2,"href":"https:\/\/www.alpenflugzentrum.de\/wordpress\/index.php?rest_route=\/wp\/v2\/posts\/3913\/revisions"}],"predecessor-version":[{"id":3918,"href":"https:\/\/www.alpenflugzentrum.de\/wordpress\/index.php?rest_route=\/wp\/v2\/posts\/3913\/revisions\/3918"}],"wp:attachment":[{"href":"https:\/\/www.alpenflugzentrum.de\/wordpress\/index.php?rest_route=%2Fwp%2Fv2%2Fmedia&parent=3913"}],"wp:term":[{"taxonomy":"category","embeddable":true,"href":"https:\/\/www.alpenflugzentrum.de\/wordpress\/index.php?rest_route=%2Fwp%2Fv2%2Fcategories&post=3913"},{"taxonomy":"post_tag","embeddable":true,"href":"https:\/\/www.alpenflugzentrum.de\/wordpress\/index.php?rest_route=%2Fwp%2Fv2%2Ftags&post=3913"}],"curies":[{"name":"wp","href":"https:\/\/api.w.org\/{rel}","templated":true}]}}