{"id":3931,"date":"2017-05-29T00:11:54","date_gmt":"2017-05-28T22:11:54","guid":{"rendered":"http:\/\/ww2.alpenflugzentrum.de\/wordpress\/?p=3931"},"modified":"2017-05-29T00:11:54","modified_gmt":"2017-05-28T22:11:54","slug":"nachbetrachtung","status":"publish","type":"post","link":"https:\/\/www.alpenflugzentrum.de\/wordpress\/?p=3931","title":{"rendered":"Nachbetrachtung"},"content":{"rendered":"<p>So, nachdem ich jetzt tief in der Nacht s\u00e4mtliche Umleitungen Oberbayerns entlang mu\u00dfte (aber immer noch schneller war als durch die Grenzkontrolle am Walserberg) wie angek\u00fcndigt das letze Kapitel des AAC Blog 2017.<\/p>\n<p>Heut morgen war LOKF wieder ein ganz normaler Flugplatz und der Verein machte Flugbetrieb.Ich hab mich drangeh\u00e4ngt und den Tag noch f\u00fcr einen kurzen H\u00fcpfer genutzt.<\/p>\n<p>Das Wetter des AAC hat von grad so fliegbar im Lauf der Woche auf die erste l\u00e4nger anhaltende Hochdruckwetterlage\u00a0 diese Saison gewechselt.<\/p>\n<p>Martin und Beratung in Sachen Wetter sind mittlerweile so ausgefuchst, dass unter 8\/8 Bedeckung noch eine Klasse um eine Aufgabe gebracht wurde. Chapeau!<\/p>\n<p>8 m\u00f6gliche Tage, an sieben geflogen, 6 Wertungstage f\u00fcr beide Klassen, das kann sich sehen lassen. Die Schweizer Fraktion ist mittlerweile ziemlich gro\u00df auf dem AAC, nur deutsche G\u00e4ste sind&#8217;s nur eine Handvoll. Schade eigentlich, denn wenn man ins Wettbewerbsfliegen in den Alpen einstiegen will geht das beim AAC gut. Bester Beweis ist Phillipp (Wittwer), der das ganz gut hingebracht hat.<\/p>\n<p>Da das Team das ganze schon lange macht und eingespielt ist l\u00e4uft das ganze auch sehr sicher ab &#8211; Tiffen als letzter WP zum Beispiel, Ziellinie usw. Auch am Dienstag lag man im Bezug auf die Gewittert\u00e4tigkeit im Ziel. Leider hat eine harte Landung zwar zu zerbr\u00f6seltem CFK gef\u00fchrt, aber da war das Gewitter noch gen\u00fcgend fern des Platzes.<\/p>\n<p>Schlechte Stimmung gibt es da nicht &#8211; auch dass ein Grund als Helfer wie auch als Pilot wieder zu kommen &#8211; mal ab davon dass K\u00e4rnten als Fluggebiet \u00e4u\u00dferst ansprechend ist.<\/p>\n<p>In diesem Sinne &#8211; let&#8217;s meet again at AAC 2018!!!!<\/p>\n<p>&nbsp;<\/p>\n<p>&nbsp;<\/p>\n","protected":false},"excerpt":{"rendered":"<p>So, nachdem ich jetzt tief in der Nacht s\u00e4mtliche Umleitungen Oberbayerns entlang mu\u00dfte (aber immer noch schneller war als durch die Grenzkontrolle am Walserberg) wie angek\u00fcndigt das letze Kapitel des AAC Blog 2017. Heut morgen war LOKF wieder ein ganz normaler Flugplatz und der Verein machte Flugbetrieb.Ich hab mich drangeh\u00e4ngt und den Tag noch f\u00fcr &hellip; <a href=\"https:\/\/www.alpenflugzentrum.de\/wordpress\/?p=3931\" class=\"more-link\"><span class=\"screen-reader-text\">Nachbetrachtung<\/span> weiterlesen <span class=\"meta-nav\">&rarr;<\/span><\/a><\/p>\n","protected":false},"author":10,"featured_media":0,"comment_status":"closed","ping_status":"closed","sticky":false,"template":"","format":"standard","meta":{"footnotes":""},"categories":[41],"tags":[],"class_list":["post-3931","post","type-post","status-publish","format-standard","hentry","category-aac-2017"],"_links":{"self":[{"href":"https:\/\/www.alpenflugzentrum.de\/wordpress\/index.php?rest_route=\/wp\/v2\/posts\/3931","targetHints":{"allow":["GET"]}}],"collection":[{"href":"https:\/\/www.alpenflugzentrum.de\/wordpress\/index.php?rest_route=\/wp\/v2\/posts"}],"about":[{"href":"https:\/\/www.alpenflugzentrum.de\/wordpress\/index.php?rest_route=\/wp\/v2\/types\/post"}],"author":[{"embeddable":true,"href":"https:\/\/www.alpenflugzentrum.de\/wordpress\/index.php?rest_route=\/wp\/v2\/users\/10"}],"replies":[{"embeddable":true,"href":"https:\/\/www.alpenflugzentrum.de\/wordpress\/index.php?rest_route=%2Fwp%2Fv2%2Fcomments&post=3931"}],"version-history":[{"count":1,"href":"https:\/\/www.alpenflugzentrum.de\/wordpress\/index.php?rest_route=\/wp\/v2\/posts\/3931\/revisions"}],"predecessor-version":[{"id":3932,"href":"https:\/\/www.alpenflugzentrum.de\/wordpress\/index.php?rest_route=\/wp\/v2\/posts\/3931\/revisions\/3932"}],"wp:attachment":[{"href":"https:\/\/www.alpenflugzentrum.de\/wordpress\/index.php?rest_route=%2Fwp%2Fv2%2Fmedia&parent=3931"}],"wp:term":[{"taxonomy":"category","embeddable":true,"href":"https:\/\/www.alpenflugzentrum.de\/wordpress\/index.php?rest_route=%2Fwp%2Fv2%2Fcategories&post=3931"},{"taxonomy":"post_tag","embeddable":true,"href":"https:\/\/www.alpenflugzentrum.de\/wordpress\/index.php?rest_route=%2Fwp%2Fv2%2Ftags&post=3931"}],"curies":[{"name":"wp","href":"https:\/\/api.w.org\/{rel}","templated":true}]}}