{"id":4177,"date":"2018-02-25T14:56:58","date_gmt":"2018-02-25T13:56:58","guid":{"rendered":"http:\/\/ww2.alpenflugzentrum.de\/wordpress\/?p=4177"},"modified":"2018-02-25T14:56:58","modified_gmt":"2018-02-25T13:56:58","slug":"naechster-streckenfliegernachmittag-samstag-03-03-2018","status":"publish","type":"post","link":"https:\/\/www.alpenflugzentrum.de\/wordpress\/?p=4177","title":{"rendered":"N\u00e4chster Streckenfliegernachmittag  Samstag, 03.03.2018"},"content":{"rendered":"<p>Es ist wieder soweit, unser n\u00e4chster und f\u00fcr diesen Winter letzter Streckenfliegernachmittag steht an. Themen dieses Mal u.a.<\/p>\n<p>&#8211; Bluetooth Ankopplung ans FLARM<br \/>\n&#8211; OpenFlightMap<br \/>\n&#8211; Zusammenstellen eines OpenAir-Datensatzes<\/p>\n<p>Hier wird Reinhard Surkau uns einiges berichten k\u00f6nnen. Ferner wird Philip Joens von seinem Ausflug zum Segelflugzentrum nach Omarama in Neuseeland berichten. Moderiert wird der Nachmittag dieses Mal von Mathias M\u00fcnch und Jan Lyczywek.<\/p>\n<p>Beginn wie immer um 14:00 Uhr an der DASSU, Kaffee und Kuchen wird den Nachmittag verk\u00fcrzen! Im Anschlu\u00df daran findet um 18:00 das erste Saisoner\u00f6ffnungsbriefing der DASSU statt, also kann man wunderbar zwei Fliegen mit einer Klappe schlagen&#8230;.!<\/p>\n<p>Und noch ein Nachtrag zur vergangenen Saison: wir haben in der bundesweiten Vereinswertung der DMSt den zweiten Platz belegt, hier die Urkunde:<\/p>\n<p><a href=\"https:\/\/www.alpenflugzentrum.de\/wordpress\/wp-content\/uploads\/2018\/02\/Vereinswertung_Urkunde_2017.png\"><img loading=\"lazy\" decoding=\"async\" src=\"https:\/\/www.alpenflugzentrum.de\/wordpress\/wp-content\/uploads\/2018\/02\/Vereinswertung_Urkunde_2017-214x300.png\" alt=\"\" width=\"214\" height=\"300\" class=\"alignnone size-medium wp-image-4180\" srcset=\"https:\/\/www.alpenflugzentrum.de\/wordpress\/wp-content\/uploads\/2018\/02\/Vereinswertung_Urkunde_2017-214x300.png 214w, https:\/\/www.alpenflugzentrum.de\/wordpress\/wp-content\/uploads\/2018\/02\/Vereinswertung_Urkunde_2017.png 597w\" sizes=\"auto, (max-width: 214px) 100vw, 214px\" \/><\/a><\/p>\n","protected":false},"excerpt":{"rendered":"<p>Es ist wieder soweit, unser n\u00e4chster und f\u00fcr diesen Winter letzter Streckenfliegernachmittag steht an. Themen dieses Mal u.a. &#8211; Bluetooth Ankopplung ans FLARM &#8211; OpenFlightMap &#8211; Zusammenstellen eines OpenAir-Datensatzes Hier wird Reinhard Surkau uns einiges berichten k\u00f6nnen. Ferner wird Philip Joens von seinem Ausflug zum Segelflugzentrum nach Omarama in Neuseeland berichten. Moderiert wird der Nachmittag &hellip; <a href=\"https:\/\/www.alpenflugzentrum.de\/wordpress\/?p=4177\" class=\"more-link\"><span class=\"screen-reader-text\">N\u00e4chster Streckenfliegernachmittag  Samstag, 03.03.2018<\/span> weiterlesen <span class=\"meta-nav\">&rarr;<\/span><\/a><\/p>\n","protected":false},"author":9,"featured_media":0,"comment_status":"closed","ping_status":"closed","sticky":false,"template":"","format":"standard","meta":{"footnotes":""},"categories":[5],"tags":[],"class_list":["post-4177","post","type-post","status-publish","format-standard","hentry","category-vereinsnachrichten"],"_links":{"self":[{"href":"https:\/\/www.alpenflugzentrum.de\/wordpress\/index.php?rest_route=\/wp\/v2\/posts\/4177","targetHints":{"allow":["GET"]}}],"collection":[{"href":"https:\/\/www.alpenflugzentrum.de\/wordpress\/index.php?rest_route=\/wp\/v2\/posts"}],"about":[{"href":"https:\/\/www.alpenflugzentrum.de\/wordpress\/index.php?rest_route=\/wp\/v2\/types\/post"}],"author":[{"embeddable":true,"href":"https:\/\/www.alpenflugzentrum.de\/wordpress\/index.php?rest_route=\/wp\/v2\/users\/9"}],"replies":[{"embeddable":true,"href":"https:\/\/www.alpenflugzentrum.de\/wordpress\/index.php?rest_route=%2Fwp%2Fv2%2Fcomments&post=4177"}],"version-history":[{"count":2,"href":"https:\/\/www.alpenflugzentrum.de\/wordpress\/index.php?rest_route=\/wp\/v2\/posts\/4177\/revisions"}],"predecessor-version":[{"id":4181,"href":"https:\/\/www.alpenflugzentrum.de\/wordpress\/index.php?rest_route=\/wp\/v2\/posts\/4177\/revisions\/4181"}],"wp:attachment":[{"href":"https:\/\/www.alpenflugzentrum.de\/wordpress\/index.php?rest_route=%2Fwp%2Fv2%2Fmedia&parent=4177"}],"wp:term":[{"taxonomy":"category","embeddable":true,"href":"https:\/\/www.alpenflugzentrum.de\/wordpress\/index.php?rest_route=%2Fwp%2Fv2%2Fcategories&post=4177"},{"taxonomy":"post_tag","embeddable":true,"href":"https:\/\/www.alpenflugzentrum.de\/wordpress\/index.php?rest_route=%2Fwp%2Fv2%2Ftags&post=4177"}],"curies":[{"name":"wp","href":"https:\/\/api.w.org\/{rel}","templated":true}]}}