{"id":4573,"date":"2018-11-17T00:13:02","date_gmt":"2018-11-16T23:13:02","guid":{"rendered":"http:\/\/ww2.alpenflugzentrum.de\/wordpress\/?p=4573"},"modified":"2018-11-18T17:44:28","modified_gmt":"2018-11-18T16:44:28","slug":"aussenlandefelder-suedfrankreich","status":"publish","type":"post","link":"https:\/\/www.alpenflugzentrum.de\/wordpress\/?p=4573","title":{"rendered":"Au\u00dfenlandefelder S\u00fcdfrankreich, Nationalpark Hohe Tauern"},"content":{"rendered":"<p>Noch ein Nachtrag zum ersten Streckenfliegernachmittag dieses Winterhalbjahres:<\/p>\n<p><strong>Landefelder S\u00fcdfrankreich<\/strong><\/p>\n<p>Ute &amp; Axel haben zahlreiche Au\u00dfenlandefelder in S\u00fcdfrankreich besucht und einen (leider) datentechnisch recht volumin\u00f6sen Bericht mit zahlreichen Bildern dar\u00fcber verfasst.<\/p>\n<p>Nachdem nun diverse Upload-Begrenzungen umschifft werden konnten, steht der Bericht endlich hier zum Download bereit:<\/p>\n<p><a href=\"https:\/\/www.alpenflugzentrum.de\/wordpress\/wp-content\/uploads\/2018\/11\/2018%2011%2010%20AFZ%20Aussenlandefelder%20Suedfrankreich.pdf\">2018 11 10 AFZ Aussenlandefelder Suedfrankreich<\/a><\/p>\n<p>Viel Spa\u00df bei der Lekt\u00fcre und vielen Dank an &#8222;die Baranowskis&#8220;!<\/p>\n<p>Und auch Jan war aktiv:<\/p>\n<p><strong>Nationalpark Hohe Tauern<\/strong><\/p>\n<p>&#8222;Nachdem die Nationalparkverwaltung des Nationalparks Hohe Tauern ja<br \/>\ntrotz wiederholter Nachfrage nicht in der Lage zu sein scheint, die<br \/>\nGIS-Daten ihres Nationalparks herauszugeben, habe ich mit folgendem Tool:<\/p>\n<p><a href=\"https:\/\/portal.tirol.gv.at\/weboffice\/tirisMapsView\/synserver?project=npht&#038;client=core\">https:\/\/portal.tirol.gv.at\/weboffice\/tirisMapsView\/synserver?project=npht&#038;client=core<\/a><\/p>\n<p>mal ein wenig gespielt. Man kann sich da die verschiedenen Zonen des<br \/>\nNationalparks darstellen lassen, und man kann manuell Koordinatenpunkte<br \/>\nrausgreifen. So konnte ich die Umrandung der drei Sonderschutzgebiete in<br \/>\nvereinfachter, nach Gusto gegl\u00e4tteter Form dann doch recht einfach in<br \/>\neine Luftraumdatei umsetzen.<\/p>\n<p>Dieselbige findet Ihr anbei. Achtung: diese Datei enth\u00e4lt eben nur die<br \/>\nh\u00f6chste Schutzklasse, n\u00e4mlich die Sonderschutzgebiete &#8211; in die darf m.E.<br \/>\nnoch nicht mal ein reines Segelflugzeug rein. Die nicht ganz so extrem<br \/>\nstreng gesch\u00fctzten Kernzonen sind in meiner Datei nicht enthalten; f\u00fcr<br \/>\nKlapptriebwerkler und TMG sind diese aber (je nach Lesart und<br \/>\nBundesland) evtl. ebenfalls problematisch!&#8220;<\/p>\n<p>Hier die Datei    <a href=\"https:\/\/www.alpenflugzentrum.de\/wordpress\/wp-content\/uploads\/2018\/11\/Nationalpark-Hohe-Tauern-Sonderschutzgebiete.txt\">Nationalpark Hohe Tauern Sonderschutzgebiete<\/a><\/p>\n","protected":false},"excerpt":{"rendered":"<p>Noch ein Nachtrag zum ersten Streckenfliegernachmittag dieses Winterhalbjahres: Landefelder S\u00fcdfrankreich Ute &amp; Axel haben zahlreiche Au\u00dfenlandefelder in S\u00fcdfrankreich besucht und einen (leider) datentechnisch recht volumin\u00f6sen Bericht mit zahlreichen Bildern dar\u00fcber verfasst. Nachdem nun diverse Upload-Begrenzungen umschifft werden konnten, steht der Bericht endlich hier zum Download bereit: 2018 11 10 AFZ Aussenlandefelder Suedfrankreich Viel Spa\u00df bei &hellip; <a href=\"https:\/\/www.alpenflugzentrum.de\/wordpress\/?p=4573\" class=\"more-link\"><span class=\"screen-reader-text\">Au\u00dfenlandefelder S\u00fcdfrankreich, Nationalpark Hohe Tauern<\/span> weiterlesen <span class=\"meta-nav\">&rarr;<\/span><\/a><\/p>\n","protected":false},"author":5,"featured_media":0,"comment_status":"closed","ping_status":"closed","sticky":false,"template":"","format":"standard","meta":{"footnotes":""},"categories":[6],"tags":[],"class_list":["post-4573","post","type-post","status-publish","format-standard","hentry","category-streckenflug"],"_links":{"self":[{"href":"https:\/\/www.alpenflugzentrum.de\/wordpress\/index.php?rest_route=\/wp\/v2\/posts\/4573","targetHints":{"allow":["GET"]}}],"collection":[{"href":"https:\/\/www.alpenflugzentrum.de\/wordpress\/index.php?rest_route=\/wp\/v2\/posts"}],"about":[{"href":"https:\/\/www.alpenflugzentrum.de\/wordpress\/index.php?rest_route=\/wp\/v2\/types\/post"}],"author":[{"embeddable":true,"href":"https:\/\/www.alpenflugzentrum.de\/wordpress\/index.php?rest_route=\/wp\/v2\/users\/5"}],"replies":[{"embeddable":true,"href":"https:\/\/www.alpenflugzentrum.de\/wordpress\/index.php?rest_route=%2Fwp%2Fv2%2Fcomments&post=4573"}],"version-history":[{"count":6,"href":"https:\/\/www.alpenflugzentrum.de\/wordpress\/index.php?rest_route=\/wp\/v2\/posts\/4573\/revisions"}],"predecessor-version":[{"id":4581,"href":"https:\/\/www.alpenflugzentrum.de\/wordpress\/index.php?rest_route=\/wp\/v2\/posts\/4573\/revisions\/4581"}],"wp:attachment":[{"href":"https:\/\/www.alpenflugzentrum.de\/wordpress\/index.php?rest_route=%2Fwp%2Fv2%2Fmedia&parent=4573"}],"wp:term":[{"taxonomy":"category","embeddable":true,"href":"https:\/\/www.alpenflugzentrum.de\/wordpress\/index.php?rest_route=%2Fwp%2Fv2%2Fcategories&post=4573"},{"taxonomy":"post_tag","embeddable":true,"href":"https:\/\/www.alpenflugzentrum.de\/wordpress\/index.php?rest_route=%2Fwp%2Fv2%2Ftags&post=4573"}],"curies":[{"name":"wp","href":"https:\/\/api.w.org\/{rel}","templated":true}]}}