{"id":7202,"date":"2024-06-07T21:41:56","date_gmt":"2024-06-07T19:41:56","guid":{"rendered":"https:\/\/www.alpenflugzentrum.de\/wordpress\/?p=7202"},"modified":"2024-06-07T21:42:32","modified_gmt":"2024-06-07T19:42:32","slug":"32-aac-blog-freitag-anreisetag-jetzt-sind-diese-irren-wieder-da-die-sich-um-die-gewitterzellen-herumzudruecken","status":"publish","type":"post","link":"https:\/\/www.alpenflugzentrum.de\/wordpress\/?p=7202","title":{"rendered":"32. AAC Blog Freitag Anreisetag: Jetzt sind diese Irren wieder da, die sich um die Gewitterzellen herumdr\u00fccken&#8230;"},"content":{"rendered":"\n<p>Willkommen zum Tagebuch des t\u00e4glichen Wahnsinns in der 32. Auflage anno Domini 2024. Mit speziellem Blichwinkel auf die tapferen Recken und ReckInnen des AFZ Unterw\u00f6ssen und der angeschlossenen Funkh\u00e4user.<\/p>\n\n\n\n<p>Wer jetzt aus dem FSV Feldkirchen den Spruch oben gelassen hat wird nicht verraten, ich f\u00fcrchte Repressalien vom Master of Desater Mr. AAC M. H.<\/p>\n\n\n\n<p>Der liebe Gott hat dies Jahr zwei gro\u00dfe Hindernisse aufgebaut, um einen spannenden Verlauf zu garantieren, eins vorher, eins w\u00e4hrendessen&#8230;<\/p>\n\n\n\n<p>Zum einen hat die oberste g\u00f6ttliche Leitung, vertreten durch die Asfinag, Tunnelsanierung zwischen Golling und Knoten Pongau verordnet. OK, is was f\u00fcr Geduldige&#8230;<\/p>\n\n\n\n<p>Sogar schon Donnerstag, als sich der Redakteur auf die Bahn geschmissen hat, 1 1\/2 h Blockabfertigung. Nun ja, auff\u00e4llig war das da um 18 Uhr noch flei\u00dfig an den Tunneln und der gesamten sonstigen Infrastruktur gewerkelt wird. Als deutscher Baustellen-Leidender wei\u00df man: bei uns lassen die um vier die Schaufel fallen&#8230;<\/p>\n\n\n\n<p>Aber manchmal gibt&#8217;s auch was interessantes zu sehen im Stau (Jan- nix neuer Skoda, das ist das Auto passend zur Ka6&#8230;)<\/p>\n\n\n\n<figure class=\"wp-block-image size-large\"><a href=\"https:\/\/www.alpenflugzentrum.de\/wordpress\/wp-content\/uploads\/2024\/06\/20240606_163354.jpg\"><img loading=\"lazy\" decoding=\"async\" width=\"1024\" height=\"768\" src=\"https:\/\/www.alpenflugzentrum.de\/wordpress\/wp-content\/uploads\/2024\/06\/20240606_163354-1024x768.jpg\" alt=\"\" class=\"wp-image-7220\" srcset=\"https:\/\/www.alpenflugzentrum.de\/wordpress\/wp-content\/uploads\/2024\/06\/20240606_163354-1024x768.jpg 1024w, https:\/\/www.alpenflugzentrum.de\/wordpress\/wp-content\/uploads\/2024\/06\/20240606_163354-300x225.jpg 300w, https:\/\/www.alpenflugzentrum.de\/wordpress\/wp-content\/uploads\/2024\/06\/20240606_163354-768x576.jpg 768w, https:\/\/www.alpenflugzentrum.de\/wordpress\/wp-content\/uploads\/2024\/06\/20240606_163354-1536x1152.jpg 1536w, https:\/\/www.alpenflugzentrum.de\/wordpress\/wp-content\/uploads\/2024\/06\/20240606_163354.jpg 1632w\" sizes=\"auto, (max-width: 1024px) 100vw, 1024px\" \/><\/a><\/figure>\n\n\n\n<p>Das andere Hindernis: wir hocken wieder in der S\u00fcdwestpl\u00f6rre&#8230;Schauerrallye ist wohl angesagt die n\u00e4chsten Tage.<\/p>\n\n\n\n<figure class=\"wp-block-image size-large\"><a href=\"https:\/\/www.alpenflugzentrum.de\/wordpress\/wp-content\/uploads\/2024\/06\/20240607_140743.jpg\"><img loading=\"lazy\" decoding=\"async\" width=\"1024\" height=\"768\" src=\"https:\/\/www.alpenflugzentrum.de\/wordpress\/wp-content\/uploads\/2024\/06\/20240607_140743-1024x768.jpg\" alt=\"\" class=\"wp-image-7215\" srcset=\"https:\/\/www.alpenflugzentrum.de\/wordpress\/wp-content\/uploads\/2024\/06\/20240607_140743-1024x768.jpg 1024w, https:\/\/www.alpenflugzentrum.de\/wordpress\/wp-content\/uploads\/2024\/06\/20240607_140743-300x225.jpg 300w, https:\/\/www.alpenflugzentrum.de\/wordpress\/wp-content\/uploads\/2024\/06\/20240607_140743-768x576.jpg 768w, https:\/\/www.alpenflugzentrum.de\/wordpress\/wp-content\/uploads\/2024\/06\/20240607_140743-1536x1152.jpg 1536w, https:\/\/www.alpenflugzentrum.de\/wordpress\/wp-content\/uploads\/2024\/06\/20240607_140743.jpg 1632w\" sizes=\"auto, (max-width: 1024px) 100vw, 1024px\" \/><\/a><\/figure>\n\n\n\n<p>Schnell vor den gestrigen Schauern -diese waren weniger und sp\u00e4ter als heute- ist Hannes (Zimmermann) mit seinem neuen Vorf\u00fchrfliegerle \u00fcber die Alpen gehuscht und hat vorher noch schnell daheim einen Probeschlepp gegen unsere Dynamic gemacht.<\/p>\n\n\n\n<p>Und bewiesen: die Dynamic mit Rotax 916iS  ist nicht nur auf Steroide (vgl. letztes Jahr), sondern auch in Gunskirchen noch in den Topf mit dem Zaubertrank gefallen&#8230;<\/p>\n\n\n\n<p>Auf jeden Fall hat Hannes den Piloten &#8222;unserer&#8220; IG im Vergleichsschlepp wohl frustriert&#8230;&#8220;hab ich jetzt was falsch gemacht?&#8220; (n\u00f6, S\u00f6hnke, haste nich, auch wenn im Alter, so ab 50, die kognitiven F\u00e4higkeiten nachlassen. Aber gegen das Kraftei- so oder so keine Chance).<\/p>\n\n\n\n<p>Wir sind gespannt was das Maschinchen hier so an Performance zeigt.<\/p>\n\n\n\n<p>Vor lauter Aufbauen wollte unsere Ute ihren Renner auch noch zusammenbauen, aber der Stellplatz des Anh\u00e4nger ist ja soooo schlecht. &#8222;Mimimimi&#8220; der Kommentar des gemischten Helferteams. Fazit: Axel sagt sowas (besser) nicht, der Rest des Camps Campingplatz schon. Beweist: wir sind alle emanzipiert. Mehr oder weniger&#8230;<\/p>\n\n\n\n<p>Die Retourkutsche kam dann kurze Zeit sp\u00e4ter, ich bin ja nun des Bedarfes an Zwergenadaptern jedweder Art eher unverd\u00e4chtig, aber Werner Danz (dito&#8230;) hatte tats\u00e4chlich Bedarf an Blei f\u00fcr die Nase seines Antares. <\/p>\n\n\n\n<p>Der Astirbaendiger konnte mit dienen, bevor er mitsamt Kugleporsche kurz S\u00fcdseitenluft schnuppern war. Ich fahr 1 kg Nasenblei seit Jahren spazieren. <\/p>\n\n\n\n<figure class=\"wp-block-image size-large\"><a href=\"https:\/\/www.alpenflugzentrum.de\/wordpress\/wp-content\/uploads\/2024\/06\/20240607_141405.jpg\"><img loading=\"lazy\" decoding=\"async\" width=\"1024\" height=\"768\" src=\"https:\/\/www.alpenflugzentrum.de\/wordpress\/wp-content\/uploads\/2024\/06\/20240607_141405-1024x768.jpg\" alt=\"\" class=\"wp-image-7217\" srcset=\"https:\/\/www.alpenflugzentrum.de\/wordpress\/wp-content\/uploads\/2024\/06\/20240607_141405-1024x768.jpg 1024w, https:\/\/www.alpenflugzentrum.de\/wordpress\/wp-content\/uploads\/2024\/06\/20240607_141405-300x225.jpg 300w, https:\/\/www.alpenflugzentrum.de\/wordpress\/wp-content\/uploads\/2024\/06\/20240607_141405-768x576.jpg 768w, https:\/\/www.alpenflugzentrum.de\/wordpress\/wp-content\/uploads\/2024\/06\/20240607_141405-1536x1152.jpg 1536w, https:\/\/www.alpenflugzentrum.de\/wordpress\/wp-content\/uploads\/2024\/06\/20240607_141405.jpg 1632w\" sizes=\"auto, (max-width: 1024px) 100vw, 1024px\" \/><\/a><\/figure>\n\n\n\n<p>Eine Menge anderer haben das Wetterfenster auch f\u00fcr einen Trainingsflug genutzt und hatten offensichtlich auch Spa\u00df bis zum Schlu\u00df&#8230;<\/p>\n\n\n\n<figure class=\"wp-block-image size-large\"><a href=\"https:\/\/www.alpenflugzentrum.de\/wordpress\/wp-content\/uploads\/2024\/06\/20240607_144056.jpg\"><img loading=\"lazy\" decoding=\"async\" width=\"1024\" height=\"768\" src=\"https:\/\/www.alpenflugzentrum.de\/wordpress\/wp-content\/uploads\/2024\/06\/20240607_144056-1024x768.jpg\" alt=\"\" class=\"wp-image-7218\" srcset=\"https:\/\/www.alpenflugzentrum.de\/wordpress\/wp-content\/uploads\/2024\/06\/20240607_144056-1024x768.jpg 1024w, https:\/\/www.alpenflugzentrum.de\/wordpress\/wp-content\/uploads\/2024\/06\/20240607_144056-300x225.jpg 300w, https:\/\/www.alpenflugzentrum.de\/wordpress\/wp-content\/uploads\/2024\/06\/20240607_144056-768x576.jpg 768w, https:\/\/www.alpenflugzentrum.de\/wordpress\/wp-content\/uploads\/2024\/06\/20240607_144056-1536x1152.jpg 1536w, https:\/\/www.alpenflugzentrum.de\/wordpress\/wp-content\/uploads\/2024\/06\/20240607_144056.jpg 1632w\" sizes=\"auto, (max-width: 1024px) 100vw, 1024px\" \/><\/a><\/figure>\n","protected":false},"excerpt":{"rendered":"<p>Willkommen zum Tagebuch des t\u00e4glichen Wahnsinns in der 32. Auflage anno Domini 2024. Mit speziellem Blichwinkel auf die tapferen Recken und ReckInnen des AFZ Unterw\u00f6ssen und der angeschlossenen Funkh\u00e4user. Wer jetzt aus dem FSV Feldkirchen den Spruch oben gelassen hat wird nicht verraten, ich f\u00fcrchte Repressalien vom Master of Desater Mr. AAC M. H. Der &hellip; <a href=\"https:\/\/www.alpenflugzentrum.de\/wordpress\/?p=7202\" class=\"more-link\"><span class=\"screen-reader-text\">32. AAC Blog Freitag Anreisetag: Jetzt sind diese Irren wieder da, die sich um die Gewitterzellen herumdr\u00fccken&#8230;<\/span> weiterlesen <span class=\"meta-nav\">&rarr;<\/span><\/a><\/p>\n","protected":false},"author":10,"featured_media":0,"comment_status":"closed","ping_status":"closed","sticky":false,"template":"","format":"standard","meta":{"footnotes":""},"categories":[58],"tags":[],"class_list":["post-7202","post","type-post","status-publish","format-standard","hentry","category-aac-2024"],"_links":{"self":[{"href":"https:\/\/www.alpenflugzentrum.de\/wordpress\/index.php?rest_route=\/wp\/v2\/posts\/7202","targetHints":{"allow":["GET"]}}],"collection":[{"href":"https:\/\/www.alpenflugzentrum.de\/wordpress\/index.php?rest_route=\/wp\/v2\/posts"}],"about":[{"href":"https:\/\/www.alpenflugzentrum.de\/wordpress\/index.php?rest_route=\/wp\/v2\/types\/post"}],"author":[{"embeddable":true,"href":"https:\/\/www.alpenflugzentrum.de\/wordpress\/index.php?rest_route=\/wp\/v2\/users\/10"}],"replies":[{"embeddable":true,"href":"https:\/\/www.alpenflugzentrum.de\/wordpress\/index.php?rest_route=%2Fwp%2Fv2%2Fcomments&post=7202"}],"version-history":[{"count":11,"href":"https:\/\/www.alpenflugzentrum.de\/wordpress\/index.php?rest_route=\/wp\/v2\/posts\/7202\/revisions"}],"predecessor-version":[{"id":7222,"href":"https:\/\/www.alpenflugzentrum.de\/wordpress\/index.php?rest_route=\/wp\/v2\/posts\/7202\/revisions\/7222"}],"wp:attachment":[{"href":"https:\/\/www.alpenflugzentrum.de\/wordpress\/index.php?rest_route=%2Fwp%2Fv2%2Fmedia&parent=7202"}],"wp:term":[{"taxonomy":"category","embeddable":true,"href":"https:\/\/www.alpenflugzentrum.de\/wordpress\/index.php?rest_route=%2Fwp%2Fv2%2Fcategories&post=7202"},{"taxonomy":"post_tag","embeddable":true,"href":"https:\/\/www.alpenflugzentrum.de\/wordpress\/index.php?rest_route=%2Fwp%2Fv2%2Ftags&post=7202"}],"curies":[{"name":"wp","href":"https:\/\/api.w.org\/{rel}","templated":true}]}}