{"id":7204,"date":"2024-06-07T22:03:21","date_gmt":"2024-06-07T20:03:21","guid":{"rendered":"https:\/\/www.alpenflugzentrum.de\/wordpress\/?p=7204"},"modified":"2024-06-07T22:04:46","modified_gmt":"2024-06-07T20:04:46","slug":"32-aac-2024-freitag-eroeffnungsfeier","status":"publish","type":"post","link":"https:\/\/www.alpenflugzentrum.de\/wordpress\/?p=7204","title":{"rendered":"32. AAC 2024, Freitag Er\u00f6ffnungsfeier"},"content":{"rendered":"\n<p>Alle da, viele haben schon aufgebaut und einige waren auch schon fliegen. Bis das Gewitter reingezogen ist. Bzw. dann doch nicht, es hat nur in der Gegend von Villach zugeschlagen.<\/p>\n\n\n\n<figure class=\"wp-block-image size-large\"><a href=\"https:\/\/www.alpenflugzentrum.de\/wordpress\/wp-content\/uploads\/2024\/06\/20240607_141512.jpg\"><img loading=\"lazy\" decoding=\"async\" width=\"1024\" height=\"768\" src=\"https:\/\/www.alpenflugzentrum.de\/wordpress\/wp-content\/uploads\/2024\/06\/20240607_141512-1024x768.jpg\" alt=\"\" class=\"wp-image-7224\" srcset=\"https:\/\/www.alpenflugzentrum.de\/wordpress\/wp-content\/uploads\/2024\/06\/20240607_141512-1024x768.jpg 1024w, https:\/\/www.alpenflugzentrum.de\/wordpress\/wp-content\/uploads\/2024\/06\/20240607_141512-300x225.jpg 300w, https:\/\/www.alpenflugzentrum.de\/wordpress\/wp-content\/uploads\/2024\/06\/20240607_141512-768x576.jpg 768w, https:\/\/www.alpenflugzentrum.de\/wordpress\/wp-content\/uploads\/2024\/06\/20240607_141512-1536x1152.jpg 1536w, https:\/\/www.alpenflugzentrum.de\/wordpress\/wp-content\/uploads\/2024\/06\/20240607_141512.jpg 1632w\" sizes=\"auto, (max-width: 1024px) 100vw, 1024px\" \/><\/a><\/figure>\n\n\n\n<p>Damit ist das Setup f\u00fcr den diesj\u00e4hrigen Alpe Adria Cup, den 32. , f\u00fcr die n\u00e4chsten Tage auch schon beschrieben&#8230;<\/p>\n\n\n\n<p>Es ist wie so oft die letzten Jahre: dampfige S\u00fcdwest-Mittelmeerluft, explosive Thermik und je nach Gl\u00fcck knallt es um f\u00fcnf, wenns bl\u00f6d  l\u00e4uft schon mittags. Eingeflochten sind hier Impressionen vom Trainingstag heute, die wohl auch illustrieren was die n\u00e4chsten Tage so angesagt ist.<\/p>\n\n\n\n<figure class=\"wp-block-image size-large\"><a href=\"https:\/\/www.alpenflugzentrum.de\/wordpress\/wp-content\/uploads\/2024\/06\/20240607_125536.jpg\"><img loading=\"lazy\" decoding=\"async\" width=\"1024\" height=\"768\" src=\"https:\/\/www.alpenflugzentrum.de\/wordpress\/wp-content\/uploads\/2024\/06\/20240607_125536-1024x768.jpg\" alt=\"\" class=\"wp-image-7223\" srcset=\"https:\/\/www.alpenflugzentrum.de\/wordpress\/wp-content\/uploads\/2024\/06\/20240607_125536-1024x768.jpg 1024w, https:\/\/www.alpenflugzentrum.de\/wordpress\/wp-content\/uploads\/2024\/06\/20240607_125536-300x225.jpg 300w, https:\/\/www.alpenflugzentrum.de\/wordpress\/wp-content\/uploads\/2024\/06\/20240607_125536-768x576.jpg 768w, https:\/\/www.alpenflugzentrum.de\/wordpress\/wp-content\/uploads\/2024\/06\/20240607_125536-1536x1152.jpg 1536w, https:\/\/www.alpenflugzentrum.de\/wordpress\/wp-content\/uploads\/2024\/06\/20240607_125536.jpg 1632w\" sizes=\"auto, (max-width: 1024px) 100vw, 1024px\" \/><\/a><\/figure>\n\n\n\n<p>Trotzdem sind so viele Piloten wie nie zuvor angereist, 50 Teilnehmer aus sieben Nationen, um sich die kommenden acht Tage in zwei Klassen zu messen.<\/p>\n\n\n\n<figure class=\"wp-block-image size-large\"><a href=\"https:\/\/www.alpenflugzentrum.de\/wordpress\/wp-content\/uploads\/2024\/06\/20240607_131411.jpg\"><img loading=\"lazy\" decoding=\"async\" width=\"1024\" height=\"768\" src=\"https:\/\/www.alpenflugzentrum.de\/wordpress\/wp-content\/uploads\/2024\/06\/20240607_131411-1024x768.jpg\" alt=\"\" class=\"wp-image-7226\" srcset=\"https:\/\/www.alpenflugzentrum.de\/wordpress\/wp-content\/uploads\/2024\/06\/20240607_131411-1024x768.jpg 1024w, https:\/\/www.alpenflugzentrum.de\/wordpress\/wp-content\/uploads\/2024\/06\/20240607_131411-300x225.jpg 300w, https:\/\/www.alpenflugzentrum.de\/wordpress\/wp-content\/uploads\/2024\/06\/20240607_131411-768x576.jpg 768w, https:\/\/www.alpenflugzentrum.de\/wordpress\/wp-content\/uploads\/2024\/06\/20240607_131411-1536x1152.jpg 1536w, https:\/\/www.alpenflugzentrum.de\/wordpress\/wp-content\/uploads\/2024\/06\/20240607_131411.jpg 1632w\" sizes=\"auto, (max-width: 1024px) 100vw, 1024px\" \/><\/a><\/figure>\n\n\n\n<figure class=\"wp-block-image size-large\"><a href=\"https:\/\/www.alpenflugzentrum.de\/wordpress\/wp-content\/uploads\/2024\/06\/20240607_135346.jpg\"><img loading=\"lazy\" decoding=\"async\" width=\"1024\" height=\"768\" src=\"https:\/\/www.alpenflugzentrum.de\/wordpress\/wp-content\/uploads\/2024\/06\/20240607_135346-1024x768.jpg\" alt=\"\" class=\"wp-image-7227\" srcset=\"https:\/\/www.alpenflugzentrum.de\/wordpress\/wp-content\/uploads\/2024\/06\/20240607_135346-1024x768.jpg 1024w, https:\/\/www.alpenflugzentrum.de\/wordpress\/wp-content\/uploads\/2024\/06\/20240607_135346-300x225.jpg 300w, https:\/\/www.alpenflugzentrum.de\/wordpress\/wp-content\/uploads\/2024\/06\/20240607_135346-768x576.jpg 768w, https:\/\/www.alpenflugzentrum.de\/wordpress\/wp-content\/uploads\/2024\/06\/20240607_135346-1536x1152.jpg 1536w, https:\/\/www.alpenflugzentrum.de\/wordpress\/wp-content\/uploads\/2024\/06\/20240607_135346.jpg 1632w\" sizes=\"auto, (max-width: 1024px) 100vw, 1024px\" \/><\/a><\/figure>\n\n\n\n<p>Zum AAC geh\u00f6rt auch eine Er\u00f6ffnungsfeier im passenden Rahmen, dies Jahr erstmalig im Stadtsaal der Stadtgemeinde Feldkirchen. Die Organisatoren, allen voran Martin Huber schaffen es immer wieder, auch diesen Rahmen perfekt zu setzen.<\/p>\n\n\n\n<figure class=\"wp-block-image size-large\"><a href=\"https:\/\/www.alpenflugzentrum.de\/wordpress\/wp-content\/uploads\/2024\/06\/20240607_182031.jpg\"><img loading=\"lazy\" decoding=\"async\" width=\"1024\" height=\"768\" src=\"https:\/\/www.alpenflugzentrum.de\/wordpress\/wp-content\/uploads\/2024\/06\/20240607_182031-1024x768.jpg\" alt=\"\" class=\"wp-image-7228\" srcset=\"https:\/\/www.alpenflugzentrum.de\/wordpress\/wp-content\/uploads\/2024\/06\/20240607_182031-1024x768.jpg 1024w, https:\/\/www.alpenflugzentrum.de\/wordpress\/wp-content\/uploads\/2024\/06\/20240607_182031-300x225.jpg 300w, https:\/\/www.alpenflugzentrum.de\/wordpress\/wp-content\/uploads\/2024\/06\/20240607_182031-768x576.jpg 768w, https:\/\/www.alpenflugzentrum.de\/wordpress\/wp-content\/uploads\/2024\/06\/20240607_182031-1536x1152.jpg 1536w, https:\/\/www.alpenflugzentrum.de\/wordpress\/wp-content\/uploads\/2024\/06\/20240607_182031.jpg 1632w\" sizes=\"auto, (max-width: 1024px) 100vw, 1024px\" \/><\/a><\/figure>\n\n\n\n<p>So wurde neben der offiziellen Er\u00f6ffnung mit den Ansprachen aus Lokalpolitik, \u00d6AeC Funktion\u00e4ren und dem Vereinsobmann der Abend bei einem guten Essen und Villacher Bier ausklingen gelassen.<\/p>\n\n\n\n<p>Die launigste Ansprache oblag zum Schluss dem Wettertechnischen Berater Gerhard Hohenwarter, der die Aussichten f\u00fcr unser Wetter die n\u00e4chsten Tage sehr pointiert zum Besten gab&#8230;<\/p>\n\n\n\n<p>Ausf\u00fchrlich wird das dann ab morgen im t\u00e4glichen Bericht zum Briefing weiter gegeben. Denn das Wetter d\u00fcrfte dies Jahr der Faktor werden der mindestens genauso spannend ist wie die Platzierungen der Tage&#8230;.<\/p>\n\n\n\n<p>Anmerkung der Redaktion: durch eine Umstellung der Technik der Webseite wird der Blog des AFZ Unterw\u00f6ssen jetzt nicht mehr im Hintergrund stehen, sondern im Anschluss an diesen t\u00e4glichen Bericht &#8222;vorne&#8220;.<\/p>\n\n\n\n<p><\/p>\n","protected":false},"excerpt":{"rendered":"<p>Alle da, viele haben schon aufgebaut und einige waren auch schon fliegen. Bis das Gewitter reingezogen ist. Bzw. dann doch nicht, es hat nur in der Gegend von Villach zugeschlagen. Damit ist das Setup f\u00fcr den diesj\u00e4hrigen Alpe Adria Cup, den 32. , f\u00fcr die n\u00e4chsten Tage auch schon beschrieben&#8230; Es ist wie so oft &hellip; <a href=\"https:\/\/www.alpenflugzentrum.de\/wordpress\/?p=7204\" class=\"more-link\"><span class=\"screen-reader-text\">32. AAC 2024, Freitag Er\u00f6ffnungsfeier<\/span> weiterlesen <span class=\"meta-nav\">&rarr;<\/span><\/a><\/p>\n","protected":false},"author":10,"featured_media":0,"comment_status":"closed","ping_status":"closed","sticky":false,"template":"","format":"standard","meta":{"footnotes":""},"categories":[58],"tags":[],"class_list":["post-7204","post","type-post","status-publish","format-standard","hentry","category-aac-2024"],"_links":{"self":[{"href":"https:\/\/www.alpenflugzentrum.de\/wordpress\/index.php?rest_route=\/wp\/v2\/posts\/7204","targetHints":{"allow":["GET"]}}],"collection":[{"href":"https:\/\/www.alpenflugzentrum.de\/wordpress\/index.php?rest_route=\/wp\/v2\/posts"}],"about":[{"href":"https:\/\/www.alpenflugzentrum.de\/wordpress\/index.php?rest_route=\/wp\/v2\/types\/post"}],"author":[{"embeddable":true,"href":"https:\/\/www.alpenflugzentrum.de\/wordpress\/index.php?rest_route=\/wp\/v2\/users\/10"}],"replies":[{"embeddable":true,"href":"https:\/\/www.alpenflugzentrum.de\/wordpress\/index.php?rest_route=%2Fwp%2Fv2%2Fcomments&post=7204"}],"version-history":[{"count":6,"href":"https:\/\/www.alpenflugzentrum.de\/wordpress\/index.php?rest_route=\/wp\/v2\/posts\/7204\/revisions"}],"predecessor-version":[{"id":7230,"href":"https:\/\/www.alpenflugzentrum.de\/wordpress\/index.php?rest_route=\/wp\/v2\/posts\/7204\/revisions\/7230"}],"wp:attachment":[{"href":"https:\/\/www.alpenflugzentrum.de\/wordpress\/index.php?rest_route=%2Fwp%2Fv2%2Fmedia&parent=7204"}],"wp:term":[{"taxonomy":"category","embeddable":true,"href":"https:\/\/www.alpenflugzentrum.de\/wordpress\/index.php?rest_route=%2Fwp%2Fv2%2Fcategories&post=7204"},{"taxonomy":"post_tag","embeddable":true,"href":"https:\/\/www.alpenflugzentrum.de\/wordpress\/index.php?rest_route=%2Fwp%2Fv2%2Ftags&post=7204"}],"curies":[{"name":"wp","href":"https:\/\/api.w.org\/{rel}","templated":true}]}}