{"id":7241,"date":"2024-06-08T18:44:52","date_gmt":"2024-06-08T16:44:52","guid":{"rendered":"https:\/\/www.alpenflugzentrum.de\/wordpress\/?p=7241"},"modified":"2024-06-08T18:44:52","modified_gmt":"2024-06-08T16:44:52","slug":"32-aac-samstag-blog-2-tag-ute-axel-gehen-zum-falle-nicht-in-die-und-immer-die-gleichen-mit-mechanical-breakdown","status":"publish","type":"post","link":"https:\/\/www.alpenflugzentrum.de\/wordpress\/?p=7241","title":{"rendered":"32.AAC, Samstag Blog 2. Tag: Ute &amp; Axel gehen zum Falle (nicht in die&#8230;) und immer die gleichen mit Mechanical Breakdown&#8230;"},"content":{"rendered":"\n<p>Nach dem ganzen Laber Rharbarber des ersten Briefings die Ank\u00fcndigung: die gro\u00dfen d\u00fcrfen fliegen&#8230;(oder m\u00fcssen).<\/p>\n\n\n\n<p>Wobei der eine oder andere Freudsche Versprecher dabei war, ein Steirer Eigentor (&#8222;m\u00fcssen die Eigenstarter auch den Motor ziehen f\u00fcr den Loggerschrieb&#8220;) oder leichte Ost-West-Richtungsschw\u00e4chen vom Chef pers\u00f6nlich wohin denn nun gelandete Flugzeuge herausrollen sollen (Gel\u00f6st damit, es Visuell anzuzeigen: Do Hi&#8230;)<\/p>\n\n\n\n<p>Herausstechend dabei das kleine rhetorische Scharm\u00fctzel der anwesenden beiden Metereologen. O Ton: &#8222;Der David wei\u00df halt mehr als ich und ist der bessere Theoretiker, ich hingegen bin eher der Praktiker mit der gr\u00f6\u00dferen Erfahrung.&#8220; <\/p>\n\n\n\n<p>(-:<\/p>\n\n\n\n<p>Das lassen wir jetzt mal so stehen&#8230;.<\/p>\n\n\n\n<figure class=\"wp-block-image size-large\"><a href=\"https:\/\/www.alpenflugzentrum.de\/wordpress\/wp-content\/uploads\/2024\/06\/IMGP2948-scaled.jpg\"><img loading=\"lazy\" decoding=\"async\" width=\"1024\" height=\"678\" src=\"https:\/\/www.alpenflugzentrum.de\/wordpress\/wp-content\/uploads\/2024\/06\/IMGP2948-1024x678.jpg\" alt=\"\" class=\"wp-image-7244\" srcset=\"https:\/\/www.alpenflugzentrum.de\/wordpress\/wp-content\/uploads\/2024\/06\/IMGP2948-1024x678.jpg 1024w, https:\/\/www.alpenflugzentrum.de\/wordpress\/wp-content\/uploads\/2024\/06\/IMGP2948-300x199.jpg 300w, https:\/\/www.alpenflugzentrum.de\/wordpress\/wp-content\/uploads\/2024\/06\/IMGP2948-768x509.jpg 768w, https:\/\/www.alpenflugzentrum.de\/wordpress\/wp-content\/uploads\/2024\/06\/IMGP2948-1536x1017.jpg 1536w, https:\/\/www.alpenflugzentrum.de\/wordpress\/wp-content\/uploads\/2024\/06\/IMGP2948-2048x1356.jpg 2048w\" sizes=\"auto, (max-width: 1024px) 100vw, 1024px\" \/><\/a><\/figure>\n\n\n\n<p>    <\/p>\n\n\n\n<p>Wer hat mehr zu lachen????<\/p>\n\n\n\n<p>Das so einen Zirkus mitmachen nicht nowendigerweise eine Frage des Alters ist beweist unser Senior im Feld:<\/p>\n\n\n\n<figure class=\"wp-block-image size-large\"><a href=\"https:\/\/www.alpenflugzentrum.de\/wordpress\/wp-content\/uploads\/2024\/06\/IMGP2956-scaled.jpg\"><img loading=\"lazy\" decoding=\"async\" width=\"1024\" height=\"678\" src=\"https:\/\/www.alpenflugzentrum.de\/wordpress\/wp-content\/uploads\/2024\/06\/IMGP2956-1024x678.jpg\" alt=\"\" class=\"wp-image-7245\" srcset=\"https:\/\/www.alpenflugzentrum.de\/wordpress\/wp-content\/uploads\/2024\/06\/IMGP2956-1024x678.jpg 1024w, https:\/\/www.alpenflugzentrum.de\/wordpress\/wp-content\/uploads\/2024\/06\/IMGP2956-300x199.jpg 300w, https:\/\/www.alpenflugzentrum.de\/wordpress\/wp-content\/uploads\/2024\/06\/IMGP2956-768x509.jpg 768w, https:\/\/www.alpenflugzentrum.de\/wordpress\/wp-content\/uploads\/2024\/06\/IMGP2956-1536x1017.jpg 1536w, https:\/\/www.alpenflugzentrum.de\/wordpress\/wp-content\/uploads\/2024\/06\/IMGP2956-2048x1356.jpg 2048w\" sizes=\"auto, (max-width: 1024px) 100vw, 1024px\" \/><\/a><\/figure>\n\n\n\n<p>  <\/p>\n\n\n\n<p>Haggi kriegt das hin! (auch wenn er schonmal mit den T\u00fccken der Elektronik in seinem Flieger k\u00e4mpfen muss&#8230;.<\/p>\n\n\n\n<p>Der eine oder andere der 113er Klasse nutzte den Tag noch f\u00fcr einen Trainingsflug; auch unsere Steffi. Fr\u00fches Klinken und die falsche Ecke (->Ossiacher Tauern) wurde aber mit tiefem Parken an der Gerlitzen bestraft. Wie war das noch&#8230;die billigsten Schlepps sind immer die teuersten&#8230;<\/p>\n\n\n\n<figure class=\"wp-block-image size-large\"><a href=\"https:\/\/www.alpenflugzentrum.de\/wordpress\/wp-content\/uploads\/2024\/06\/IMGP3015-scaled.jpg\"><img loading=\"lazy\" decoding=\"async\" width=\"1024\" height=\"678\" src=\"https:\/\/www.alpenflugzentrum.de\/wordpress\/wp-content\/uploads\/2024\/06\/IMGP3015-1024x678.jpg\" alt=\"\" class=\"wp-image-7246\" srcset=\"https:\/\/www.alpenflugzentrum.de\/wordpress\/wp-content\/uploads\/2024\/06\/IMGP3015-1024x678.jpg 1024w, https:\/\/www.alpenflugzentrum.de\/wordpress\/wp-content\/uploads\/2024\/06\/IMGP3015-300x199.jpg 300w, https:\/\/www.alpenflugzentrum.de\/wordpress\/wp-content\/uploads\/2024\/06\/IMGP3015-768x509.jpg 768w, https:\/\/www.alpenflugzentrum.de\/wordpress\/wp-content\/uploads\/2024\/06\/IMGP3015-1536x1017.jpg 1536w, https:\/\/www.alpenflugzentrum.de\/wordpress\/wp-content\/uploads\/2024\/06\/IMGP3015-2048x1356.jpg 2048w\" sizes=\"auto, (max-width: 1024px) 100vw, 1024px\" \/><\/a><\/figure>\n\n\n\n<p>Und das Fr\u00fchst\u00fcck war wohl reichhaltig.<\/p>\n\n\n\n<p>Ute &amp; Axel waren dieweil beim Falle. Nic ht, in der gleichnamigen, Kopfkino aus bitte. Nein, Villach erfreut sich eines riesigen Fachhandels f\u00fcr Campingbedarf. Und da man sich ja eines gr\u00f6\u00dferen umbauten mobilen Raumes erfreut gibt es da bestimmt noch was, was man den zahlreichen Utensilien in den Schr\u00e4nken hinzuf\u00fcgen kann.<\/p>\n\n\n\n<p>Andere Utensilien waren bei diesem freundlichen Herrn gefragt:<\/p>\n\n\n\n<figure class=\"wp-block-image size-large\"><a href=\"https:\/\/www.alpenflugzentrum.de\/wordpress\/wp-content\/uploads\/2024\/06\/IMGP3101-scaled.jpg\"><img loading=\"lazy\" decoding=\"async\" width=\"1024\" height=\"678\" src=\"https:\/\/www.alpenflugzentrum.de\/wordpress\/wp-content\/uploads\/2024\/06\/IMGP3101-1024x678.jpg\" alt=\"\" class=\"wp-image-7248\" srcset=\"https:\/\/www.alpenflugzentrum.de\/wordpress\/wp-content\/uploads\/2024\/06\/IMGP3101-1024x678.jpg 1024w, https:\/\/www.alpenflugzentrum.de\/wordpress\/wp-content\/uploads\/2024\/06\/IMGP3101-300x199.jpg 300w, https:\/\/www.alpenflugzentrum.de\/wordpress\/wp-content\/uploads\/2024\/06\/IMGP3101-768x509.jpg 768w, https:\/\/www.alpenflugzentrum.de\/wordpress\/wp-content\/uploads\/2024\/06\/IMGP3101-1536x1017.jpg 1536w, https:\/\/www.alpenflugzentrum.de\/wordpress\/wp-content\/uploads\/2024\/06\/IMGP3101-2048x1356.jpg 2048w\" sizes=\"auto, (max-width: 1024px) 100vw, 1024px\" \/><\/a><\/figure>\n\n\n\n<p>  <\/p>\n\n\n\n<p>Preisfrage: nagelneues FLugzeug, ebenso Anh\u00e4nger. Wer liegt mit Hilfe, Hammer und Schraubenschl\u00fcssel am Boden und schraubt den Hebemechanismus?<\/p>\n\n\n\n<p>Richtig: immer der \u00fcbliche Verd\u00e4chtige!!!!!<\/p>\n\n\n\n<p>Kleiner Spoiler: das zus\u00e4tzliche Schleppflugzeug ist auch gelandet (-; <\/p>\n\n\n\n<figure class=\"wp-block-image size-large\"><a href=\"https:\/\/www.alpenflugzentrum.de\/wordpress\/wp-content\/uploads\/2024\/06\/IMGP3089-scaled.jpg\"><img loading=\"lazy\" decoding=\"async\" width=\"1024\" height=\"678\" src=\"https:\/\/www.alpenflugzentrum.de\/wordpress\/wp-content\/uploads\/2024\/06\/IMGP3089-1024x678.jpg\" alt=\"\" class=\"wp-image-7250\" srcset=\"https:\/\/www.alpenflugzentrum.de\/wordpress\/wp-content\/uploads\/2024\/06\/IMGP3089-1024x678.jpg 1024w, https:\/\/www.alpenflugzentrum.de\/wordpress\/wp-content\/uploads\/2024\/06\/IMGP3089-300x199.jpg 300w, https:\/\/www.alpenflugzentrum.de\/wordpress\/wp-content\/uploads\/2024\/06\/IMGP3089-768x509.jpg 768w, https:\/\/www.alpenflugzentrum.de\/wordpress\/wp-content\/uploads\/2024\/06\/IMGP3089-1536x1017.jpg 1536w, https:\/\/www.alpenflugzentrum.de\/wordpress\/wp-content\/uploads\/2024\/06\/IMGP3089-2048x1356.jpg 2048w\" sizes=\"auto, (max-width: 1024px) 100vw, 1024px\" \/><\/a><\/figure>\n\n\n\n<p>   <\/p>\n\n\n\n<p>Nein, Scherz. Wir wollen die Piloten nicht mit 110 km\/h Schleppgeschwindigkeit strafen!<\/p>\n","protected":false},"excerpt":{"rendered":"<p>Nach dem ganzen Laber Rharbarber des ersten Briefings die Ank\u00fcndigung: die gro\u00dfen d\u00fcrfen fliegen&#8230;(oder m\u00fcssen). Wobei der eine oder andere Freudsche Versprecher dabei war, ein Steirer Eigentor (&#8222;m\u00fcssen die Eigenstarter auch den Motor ziehen f\u00fcr den Loggerschrieb&#8220;) oder leichte Ost-West-Richtungsschw\u00e4chen vom Chef pers\u00f6nlich wohin denn nun gelandete Flugzeuge herausrollen sollen (Gel\u00f6st damit, es Visuell anzuzeigen: &hellip; <a href=\"https:\/\/www.alpenflugzentrum.de\/wordpress\/?p=7241\" class=\"more-link\"><span class=\"screen-reader-text\">32.AAC, Samstag Blog 2. Tag: Ute &amp; Axel gehen zum Falle (nicht in die&#8230;) und immer die gleichen mit Mechanical Breakdown&#8230;<\/span> weiterlesen <span class=\"meta-nav\">&rarr;<\/span><\/a><\/p>\n","protected":false},"author":10,"featured_media":0,"comment_status":"closed","ping_status":"closed","sticky":false,"template":"","format":"standard","meta":{"footnotes":""},"categories":[58],"tags":[],"class_list":["post-7241","post","type-post","status-publish","format-standard","hentry","category-aac-2024"],"_links":{"self":[{"href":"https:\/\/www.alpenflugzentrum.de\/wordpress\/index.php?rest_route=\/wp\/v2\/posts\/7241","targetHints":{"allow":["GET"]}}],"collection":[{"href":"https:\/\/www.alpenflugzentrum.de\/wordpress\/index.php?rest_route=\/wp\/v2\/posts"}],"about":[{"href":"https:\/\/www.alpenflugzentrum.de\/wordpress\/index.php?rest_route=\/wp\/v2\/types\/post"}],"author":[{"embeddable":true,"href":"https:\/\/www.alpenflugzentrum.de\/wordpress\/index.php?rest_route=\/wp\/v2\/users\/10"}],"replies":[{"embeddable":true,"href":"https:\/\/www.alpenflugzentrum.de\/wordpress\/index.php?rest_route=%2Fwp%2Fv2%2Fcomments&post=7241"}],"version-history":[{"count":5,"href":"https:\/\/www.alpenflugzentrum.de\/wordpress\/index.php?rest_route=\/wp\/v2\/posts\/7241\/revisions"}],"predecessor-version":[{"id":7251,"href":"https:\/\/www.alpenflugzentrum.de\/wordpress\/index.php?rest_route=\/wp\/v2\/posts\/7241\/revisions\/7251"}],"wp:attachment":[{"href":"https:\/\/www.alpenflugzentrum.de\/wordpress\/index.php?rest_route=%2Fwp%2Fv2%2Fmedia&parent=7241"}],"wp:term":[{"taxonomy":"category","embeddable":true,"href":"https:\/\/www.alpenflugzentrum.de\/wordpress\/index.php?rest_route=%2Fwp%2Fv2%2Fcategories&post=7241"},{"taxonomy":"post_tag","embeddable":true,"href":"https:\/\/www.alpenflugzentrum.de\/wordpress\/index.php?rest_route=%2Fwp%2Fv2%2Ftags&post=7241"}],"curies":[{"name":"wp","href":"https:\/\/api.w.org\/{rel}","templated":true}]}}