{"id":7259,"date":"2024-06-09T10:56:06","date_gmt":"2024-06-09T08:56:06","guid":{"rendered":"https:\/\/www.alpenflugzentrum.de\/wordpress\/?p=7259"},"modified":"2024-06-09T11:00:23","modified_gmt":"2024-06-09T09:00:23","slug":"32-aac-sonntag","status":"publish","type":"post","link":"https:\/\/www.alpenflugzentrum.de\/wordpress\/?p=7259","title":{"rendered":"32. AAC, Sonntag: F\u00f6hnrallye!?"},"content":{"rendered":"\n<p>Gestern abend beschr\u00e4nkte sich hier im Platzbereich der Weltuntergang auf zweimal kurzen Starkregen zwischen halb Acht und Acht. Nach einem kurzen Schnack mit Quaxi heut morgen hat das wohl nicht nur alle hier \u00fcberrascht&#8230;<\/p>\n\n\n\n<p>Entsprechend pr\u00e4sentiert sich das Wetter heute morgen, auch eine Abschirmung hat sich als Bremse wieder eingefunden. Diese ist angereichert mit Saharastaub, daher auch die leicht tr\u00fcbe Einf\u00e4rbung der Bilder. <\/p>\n\n\n\n<figure class=\"wp-block-image size-large\"><a href=\"https:\/\/www.alpenflugzentrum.de\/wordpress\/wp-content\/uploads\/2024\/06\/IMGP3112-scaled.jpg\"><img loading=\"lazy\" decoding=\"async\" width=\"1024\" height=\"678\" src=\"https:\/\/www.alpenflugzentrum.de\/wordpress\/wp-content\/uploads\/2024\/06\/IMGP3112-1024x678.jpg\" alt=\"\" class=\"wp-image-7260\" srcset=\"https:\/\/www.alpenflugzentrum.de\/wordpress\/wp-content\/uploads\/2024\/06\/IMGP3112-1024x678.jpg 1024w, https:\/\/www.alpenflugzentrum.de\/wordpress\/wp-content\/uploads\/2024\/06\/IMGP3112-300x199.jpg 300w, https:\/\/www.alpenflugzentrum.de\/wordpress\/wp-content\/uploads\/2024\/06\/IMGP3112-768x509.jpg 768w, https:\/\/www.alpenflugzentrum.de\/wordpress\/wp-content\/uploads\/2024\/06\/IMGP3112-1536x1017.jpg 1536w, https:\/\/www.alpenflugzentrum.de\/wordpress\/wp-content\/uploads\/2024\/06\/IMGP3112-2048x1356.jpg 2048w\" sizes=\"auto, (max-width: 1024px) 100vw, 1024px\" \/><\/a><\/figure>\n\n\n\n<p><\/p>\n\n\n\n<figure class=\"wp-block-image size-large\"><a href=\"https:\/\/www.alpenflugzentrum.de\/wordpress\/wp-content\/uploads\/2024\/06\/IMGP3113-scaled.jpg\"><img loading=\"lazy\" decoding=\"async\" width=\"1024\" height=\"678\" src=\"https:\/\/www.alpenflugzentrum.de\/wordpress\/wp-content\/uploads\/2024\/06\/IMGP3113-1024x678.jpg\" alt=\"\" class=\"wp-image-7261\" srcset=\"https:\/\/www.alpenflugzentrum.de\/wordpress\/wp-content\/uploads\/2024\/06\/IMGP3113-1024x678.jpg 1024w, https:\/\/www.alpenflugzentrum.de\/wordpress\/wp-content\/uploads\/2024\/06\/IMGP3113-300x199.jpg 300w, https:\/\/www.alpenflugzentrum.de\/wordpress\/wp-content\/uploads\/2024\/06\/IMGP3113-768x509.jpg 768w, https:\/\/www.alpenflugzentrum.de\/wordpress\/wp-content\/uploads\/2024\/06\/IMGP3113-1536x1017.jpg 1536w, https:\/\/www.alpenflugzentrum.de\/wordpress\/wp-content\/uploads\/2024\/06\/IMGP3113-2048x1356.jpg 2048w\" sizes=\"auto, (max-width: 1024px) 100vw, 1024px\" \/><\/a><\/figure>\n\n\n\n<p>In die Wetteraussichten umgem\u00fcnzt das Wetter f\u00fcr Heute: das mit dem gestern schon am Hang fliegen wird heute wohl versch\u00e4rft m\u00f6glich sein; es wird sich im Tagesverlauf eine f\u00f6hnige SW\/S Str\u00f6mung aufbauen mit 20-25 km\/h und steigend. \u00d6stlich N\u00f6tsch ist deswegen eher von reinem Hangfliegen auszugehen, westlich davon Thermikunterst\u00fctzt.<\/p>\n\n\n\n<p>Basen dort 2300 m ansteigend, mit dem Risiko vereinzelter Regenschauern vor allem in Osttirol. Der F\u00f6hn sp\u00e4ter durchgreifend bis in die T\u00e4ler, vor allem in der Gegend hier um den Platz.<\/p>\n\n\n\n<p>David erg\u00e4nzte noch, das er mit einer deutlichen Wettergrenze zwischen dem Becken\/Gailtal und dem Lesachtal rechnet im Sinne von hoch genug nach Osten um Reserven zu haben f\u00fcrs heimkommen. Vor allem weil es ab Gailtal Ausbreitungen geben kann.<\/p>\n\n\n\n<p>Langen Hals machen also ggf. inklusive&#8230;    <\/p>\n\n\n\n<p>Er guckt auch schon so skeptisch&#8230;.<\/p>\n\n\n\n<figure class=\"wp-block-image size-large\"><a href=\"https:\/\/www.alpenflugzentrum.de\/wordpress\/wp-content\/uploads\/2024\/06\/IMGP3123-scaled.jpg\"><img loading=\"lazy\" decoding=\"async\" width=\"1024\" height=\"678\" src=\"https:\/\/www.alpenflugzentrum.de\/wordpress\/wp-content\/uploads\/2024\/06\/IMGP3123-1024x678.jpg\" alt=\"\" class=\"wp-image-7266\" srcset=\"https:\/\/www.alpenflugzentrum.de\/wordpress\/wp-content\/uploads\/2024\/06\/IMGP3123-1024x678.jpg 1024w, https:\/\/www.alpenflugzentrum.de\/wordpress\/wp-content\/uploads\/2024\/06\/IMGP3123-300x199.jpg 300w, https:\/\/www.alpenflugzentrum.de\/wordpress\/wp-content\/uploads\/2024\/06\/IMGP3123-768x509.jpg 768w, https:\/\/www.alpenflugzentrum.de\/wordpress\/wp-content\/uploads\/2024\/06\/IMGP3123-1536x1017.jpg 1536w, https:\/\/www.alpenflugzentrum.de\/wordpress\/wp-content\/uploads\/2024\/06\/IMGP3123-2048x1356.jpg 2048w\" sizes=\"auto, (max-width: 1024px) 100vw, 1024px\" \/><\/a><\/figure>\n\n\n\n<p>In Aufgaben umgem\u00fcnzt hei\u00dft es f\u00fcr beide Klassen heute fliegen, 11:30 Uhr Startbereitschaft, der Ausklinkpunkt wird nach Lage der Thermik bekannt gegeben.<\/p>\n\n\n\n<p>Die 113er Klasse bekommt die 2 h 30 Min. AAT mit Kartitsch 40 km Radius, Lesce Flugplatz 25 km drumherum und N\u00f6tsch Flugplatz (10 km), 190 bis 485 km.<\/p>\n\n\n\n<p>Die offene Klasse dreieinhalb Stunden nach Antholz mit 40 km, Kravec Sender 30 km und Federaun 10 km. 280 bis 590 km.<\/p>\n\n\n\n<figure class=\"wp-block-image size-large\"><a href=\"https:\/\/www.alpenflugzentrum.de\/wordpress\/wp-content\/uploads\/2024\/06\/IMGP3118-scaled.jpg\"><img loading=\"lazy\" decoding=\"async\" width=\"1024\" height=\"678\" src=\"https:\/\/www.alpenflugzentrum.de\/wordpress\/wp-content\/uploads\/2024\/06\/IMGP3118-1024x678.jpg\" alt=\"\" class=\"wp-image-7265\" srcset=\"https:\/\/www.alpenflugzentrum.de\/wordpress\/wp-content\/uploads\/2024\/06\/IMGP3118-1024x678.jpg 1024w, https:\/\/www.alpenflugzentrum.de\/wordpress\/wp-content\/uploads\/2024\/06\/IMGP3118-300x199.jpg 300w, https:\/\/www.alpenflugzentrum.de\/wordpress\/wp-content\/uploads\/2024\/06\/IMGP3118-768x509.jpg 768w, https:\/\/www.alpenflugzentrum.de\/wordpress\/wp-content\/uploads\/2024\/06\/IMGP3118-1536x1017.jpg 1536w, https:\/\/www.alpenflugzentrum.de\/wordpress\/wp-content\/uploads\/2024\/06\/IMGP3118-2048x1356.jpg 2048w\" sizes=\"auto, (max-width: 1024px) 100vw, 1024px\" \/><\/a><\/figure>\n\n\n\n<p>Thema am Hang entlang: der Tagessieger gestern, Matthias Sturm, war mit seiner Schilderung des Sieges schnell fertig; da er Angst vor den hohen Bergen hatte hat er sich f\u00fcr langsam und immer sch\u00f6n geradeaus als Taktik entschieden.<\/p>\n\n\n\n<p>Das hat offensichtlich funktioniert, denn der zweite und dritte wu\u00dften \u00e4hnliches zu berichten&#8230;<\/p>\n\n\n\n<p>\u00dcbrigens, das erste Mal dabei und schon den ersten Tagessieg abgegriffen&#8230;<\/p>\n","protected":false},"excerpt":{"rendered":"<p>Gestern abend beschr\u00e4nkte sich hier im Platzbereich der Weltuntergang auf zweimal kurzen Starkregen zwischen halb Acht und Acht. Nach einem kurzen Schnack mit Quaxi heut morgen hat das wohl nicht nur alle hier \u00fcberrascht&#8230; Entsprechend pr\u00e4sentiert sich das Wetter heute morgen, auch eine Abschirmung hat sich als Bremse wieder eingefunden. Diese ist angereichert mit Saharastaub, &hellip; <a href=\"https:\/\/www.alpenflugzentrum.de\/wordpress\/?p=7259\" class=\"more-link\"><span class=\"screen-reader-text\">32. AAC, Sonntag: F\u00f6hnrallye!?<\/span> weiterlesen <span class=\"meta-nav\">&rarr;<\/span><\/a><\/p>\n","protected":false},"author":10,"featured_media":0,"comment_status":"closed","ping_status":"closed","sticky":false,"template":"","format":"standard","meta":{"footnotes":""},"categories":[58,5],"tags":[],"class_list":["post-7259","post","type-post","status-publish","format-standard","hentry","category-aac-2024","category-vereinsnachrichten"],"_links":{"self":[{"href":"https:\/\/www.alpenflugzentrum.de\/wordpress\/index.php?rest_route=\/wp\/v2\/posts\/7259","targetHints":{"allow":["GET"]}}],"collection":[{"href":"https:\/\/www.alpenflugzentrum.de\/wordpress\/index.php?rest_route=\/wp\/v2\/posts"}],"about":[{"href":"https:\/\/www.alpenflugzentrum.de\/wordpress\/index.php?rest_route=\/wp\/v2\/types\/post"}],"author":[{"embeddable":true,"href":"https:\/\/www.alpenflugzentrum.de\/wordpress\/index.php?rest_route=\/wp\/v2\/users\/10"}],"replies":[{"embeddable":true,"href":"https:\/\/www.alpenflugzentrum.de\/wordpress\/index.php?rest_route=%2Fwp%2Fv2%2Fcomments&post=7259"}],"version-history":[{"count":7,"href":"https:\/\/www.alpenflugzentrum.de\/wordpress\/index.php?rest_route=\/wp\/v2\/posts\/7259\/revisions"}],"predecessor-version":[{"id":7271,"href":"https:\/\/www.alpenflugzentrum.de\/wordpress\/index.php?rest_route=\/wp\/v2\/posts\/7259\/revisions\/7271"}],"wp:attachment":[{"href":"https:\/\/www.alpenflugzentrum.de\/wordpress\/index.php?rest_route=%2Fwp%2Fv2%2Fmedia&parent=7259"}],"wp:term":[{"taxonomy":"category","embeddable":true,"href":"https:\/\/www.alpenflugzentrum.de\/wordpress\/index.php?rest_route=%2Fwp%2Fv2%2Fcategories&post=7259"},{"taxonomy":"post_tag","embeddable":true,"href":"https:\/\/www.alpenflugzentrum.de\/wordpress\/index.php?rest_route=%2Fwp%2Fv2%2Ftags&post=7259"}],"curies":[{"name":"wp","href":"https:\/\/api.w.org\/{rel}","templated":true}]}}