{"id":7286,"date":"2024-06-09T20:38:59","date_gmt":"2024-06-09T18:38:59","guid":{"rendered":"https:\/\/www.alpenflugzentrum.de\/wordpress\/?p=7286"},"modified":"2024-06-09T20:38:59","modified_gmt":"2024-06-09T18:38:59","slug":"32-aac-sonntag-blog-3-tag-wahlergebnisse-wie-im-richtigen-leben-und-der-gipfel-der-dekadenz","status":"publish","type":"post","link":"https:\/\/www.alpenflugzentrum.de\/wordpress\/?p=7286","title":{"rendered":"32.AAC, Sonntag, Blog 3. Tag: Wahlergebnisse wie im richtigen Leben und der Gipfel der Dekadenz&#8230;"},"content":{"rendered":"\n<p>OK, heute ging es richtig rund. Es lief auch eigentlich rund, mal von der einen oder anderen Panne abgesehen&#8230;<\/p>\n\n\n\n<p>Aber darum geht es hier ja gemeinerweise im wesentlichen auch (-:<\/p>\n\n\n\n<p>Da fang ich dochmal bei mir an, obwohl ich mit Listen und Kladden bewaffnet bin f\u00e4llt auf der Homepage jemanden vielleicht auf, dass ein Teilnehmer-Pilotenportr\u00e4t einen Continuity Fehler hat: Motor ausgefahren zu sehen, obwohl der drin war.<\/p>\n\n\n\n<p>Hab die vergessen&#8230;Im Alter lassen die kognitiven F\u00e4higkeiten nach&#8230;nun ja, der L\u00fcckenf\u00fcller vom letzten Jahr wird dann am n\u00e4chsten Tag ersetzt.  <\/p>\n\n\n\n<p>Um es mit den Worten dieser treuen Seele zu sagen: es ist zum Jaulen.<\/p>\n\n\n\n<figure class=\"wp-block-image size-large\"><a href=\"https:\/\/www.alpenflugzentrum.de\/wordpress\/wp-content\/uploads\/2024\/06\/IMGP3126-scaled.jpg\"><img loading=\"lazy\" decoding=\"async\" width=\"1024\" height=\"678\" src=\"https:\/\/www.alpenflugzentrum.de\/wordpress\/wp-content\/uploads\/2024\/06\/IMGP3126-1024x678.jpg\" alt=\"\" class=\"wp-image-7288\" srcset=\"https:\/\/www.alpenflugzentrum.de\/wordpress\/wp-content\/uploads\/2024\/06\/IMGP3126-1024x678.jpg 1024w, https:\/\/www.alpenflugzentrum.de\/wordpress\/wp-content\/uploads\/2024\/06\/IMGP3126-300x199.jpg 300w, https:\/\/www.alpenflugzentrum.de\/wordpress\/wp-content\/uploads\/2024\/06\/IMGP3126-768x509.jpg 768w, https:\/\/www.alpenflugzentrum.de\/wordpress\/wp-content\/uploads\/2024\/06\/IMGP3126-1536x1017.jpg 1536w, https:\/\/www.alpenflugzentrum.de\/wordpress\/wp-content\/uploads\/2024\/06\/IMGP3126-2048x1356.jpg 2048w\" sizes=\"auto, (max-width: 1024px) 100vw, 1024px\" \/><\/a><\/figure>\n\n\n\n<p>Vergesslich ist aber auch ein gewisser Teilnehmer, denn wenn das File nicht ankommt gibt\u00b4s \u00c4rger, und Martin reibt es Dir wahrscheinlich noch bis zum Ende des Wettbewerbs unter die Nase&#8230;<\/p>\n\n\n\n<p>Na ja, dieser Akteur ist mit solchen Sachen nicht unerfahren&#8230;<\/p>\n\n\n\n<figure class=\"wp-block-image size-large\"><a href=\"https:\/\/www.alpenflugzentrum.de\/wordpress\/wp-content\/uploads\/2024\/06\/IMGP3226-scaled.jpg\"><img loading=\"lazy\" decoding=\"async\" width=\"1024\" height=\"678\" src=\"https:\/\/www.alpenflugzentrum.de\/wordpress\/wp-content\/uploads\/2024\/06\/IMGP3226-1024x678.jpg\" alt=\"\" class=\"wp-image-7290\" srcset=\"https:\/\/www.alpenflugzentrum.de\/wordpress\/wp-content\/uploads\/2024\/06\/IMGP3226-1024x678.jpg 1024w, https:\/\/www.alpenflugzentrum.de\/wordpress\/wp-content\/uploads\/2024\/06\/IMGP3226-300x199.jpg 300w, https:\/\/www.alpenflugzentrum.de\/wordpress\/wp-content\/uploads\/2024\/06\/IMGP3226-768x509.jpg 768w, https:\/\/www.alpenflugzentrum.de\/wordpress\/wp-content\/uploads\/2024\/06\/IMGP3226-1536x1017.jpg 1536w, https:\/\/www.alpenflugzentrum.de\/wordpress\/wp-content\/uploads\/2024\/06\/IMGP3226-2048x1356.jpg 2048w\" sizes=\"auto, (max-width: 1024px) 100vw, 1024px\" \/><\/a><\/figure>\n\n\n\n<p><\/p>\n\n\n\n<p>(in dem Fall nur ein sch\u00f6nes Symbolbild, nicht der Akteur bzw. dessen Maschine!)<\/p>\n\n\n\n<p>Aber auch sonst hat Martin nichts von seiner Bissigkeit eingeb\u00fc\u00dft, der Wunsch nach Verk\u00fcrzung der Aufgabe offene Klasse wurde \u00fcber den Pilotensprecher an ihn  herangetragen, daraus wurde beim Feldbriefing der Satz &#8222;Der Pilotensprecher braucht um siebene sein Chappie, deshalb fliegts heut a halbe Stund weniger&#8230;&#8220;<\/p>\n\n\n\n<p>Retrospektiv war das die richtige Entscheidung, denn der eine oder andere machte durch den Regen einen ganz sch\u00f6n langen Hals &#8211; und in der Wertung den Salto r\u00fcckw\u00e4rts&#8230;.<\/p>\n\n\n\n<p>Den hab ich auch gemacht beim fotografieren, denn auch ich hab mich vor dem Regen ins trockene verzogen. Nicht ohne jedoch gute Ausbeute, denn egal wo man hockt- die beiden Pilotensprecher Fritz und Sven sind auch immer f\u00fcr die besten Bilder an der Ziellinie zu haben (die sind auf dem Tagesbericht eingeflochten und der Homepage abrufbar).<\/p>\n\n\n\n<figure class=\"wp-block-image size-large\"><a href=\"https:\/\/www.alpenflugzentrum.de\/wordpress\/wp-content\/uploads\/2024\/06\/IMGP3159-scaled.jpg\"><img loading=\"lazy\" decoding=\"async\" width=\"1024\" height=\"678\" src=\"https:\/\/www.alpenflugzentrum.de\/wordpress\/wp-content\/uploads\/2024\/06\/IMGP3159-1024x678.jpg\" alt=\"\" class=\"wp-image-7291\" srcset=\"https:\/\/www.alpenflugzentrum.de\/wordpress\/wp-content\/uploads\/2024\/06\/IMGP3159-1024x678.jpg 1024w, https:\/\/www.alpenflugzentrum.de\/wordpress\/wp-content\/uploads\/2024\/06\/IMGP3159-300x199.jpg 300w, https:\/\/www.alpenflugzentrum.de\/wordpress\/wp-content\/uploads\/2024\/06\/IMGP3159-768x509.jpg 768w, https:\/\/www.alpenflugzentrum.de\/wordpress\/wp-content\/uploads\/2024\/06\/IMGP3159-1536x1017.jpg 1536w, https:\/\/www.alpenflugzentrum.de\/wordpress\/wp-content\/uploads\/2024\/06\/IMGP3159-2048x1356.jpg 2048w\" sizes=\"auto, (max-width: 1024px) 100vw, 1024px\" \/><\/a><\/figure>\n\n\n\n<p><\/p>\n\n\n\n<p>Hier befassen sich Amann Senior (offene) und Amann Junior (113er) mit der besten Abflugtaktik. Bei einem hat es funktioniert&#8230;. Ein anderer Recke aus Hohenems hatte heute eher schlechte Karten. Ich hatte ihm schon kolportiert das drei Halbe Konzentrationsbier gestern mindestens eins zu wenig waren (-:<\/p>\n\n\n\n<p>Und unsere Meute&#8230;Steffi hatte eher keinen Lauf heute (Landung in N\u00f6tsch), Ute hat es gut ins Mittelfeld geschafft und den Vogel abgeschossen hat Tomasz; wenn es auch nicht ganz auf das Stockerl gereicht hat. <\/p>\n\n\n\n<p>Der Gipfel der Dekadenz ist wohl zu was gut, denn der Herr r\u00fcsten seine Kutsche an der Stelle auf und ab, an der sie gebraucht wird bzw. ausrollt:<\/p>\n\n\n\n<figure class=\"wp-block-image size-large\"><a href=\"https:\/\/www.alpenflugzentrum.de\/wordpress\/wp-content\/uploads\/2024\/06\/IMGP3286-scaled.jpg\"><img loading=\"lazy\" decoding=\"async\" width=\"1024\" height=\"678\" src=\"https:\/\/www.alpenflugzentrum.de\/wordpress\/wp-content\/uploads\/2024\/06\/IMGP3286-1024x678.jpg\" alt=\"\" class=\"wp-image-7292\" srcset=\"https:\/\/www.alpenflugzentrum.de\/wordpress\/wp-content\/uploads\/2024\/06\/IMGP3286-1024x678.jpg 1024w, https:\/\/www.alpenflugzentrum.de\/wordpress\/wp-content\/uploads\/2024\/06\/IMGP3286-300x199.jpg 300w, https:\/\/www.alpenflugzentrum.de\/wordpress\/wp-content\/uploads\/2024\/06\/IMGP3286-768x509.jpg 768w, https:\/\/www.alpenflugzentrum.de\/wordpress\/wp-content\/uploads\/2024\/06\/IMGP3286-1536x1017.jpg 1536w, https:\/\/www.alpenflugzentrum.de\/wordpress\/wp-content\/uploads\/2024\/06\/IMGP3286-2048x1356.jpg 2048w\" sizes=\"auto, (max-width: 1024px) 100vw, 1024px\" \/><\/a><\/figure>\n\n\n\n<p><\/p>\n","protected":false},"excerpt":{"rendered":"<p>OK, heute ging es richtig rund. Es lief auch eigentlich rund, mal von der einen oder anderen Panne abgesehen&#8230; Aber darum geht es hier ja gemeinerweise im wesentlichen auch (-: Da fang ich dochmal bei mir an, obwohl ich mit Listen und Kladden bewaffnet bin f\u00e4llt auf der Homepage jemanden vielleicht auf, dass ein Teilnehmer-Pilotenportr\u00e4t &hellip; <a href=\"https:\/\/www.alpenflugzentrum.de\/wordpress\/?p=7286\" class=\"more-link\"><span class=\"screen-reader-text\">32.AAC, Sonntag, Blog 3. Tag: Wahlergebnisse wie im richtigen Leben und der Gipfel der Dekadenz&#8230;<\/span> weiterlesen <span class=\"meta-nav\">&rarr;<\/span><\/a><\/p>\n","protected":false},"author":10,"featured_media":0,"comment_status":"closed","ping_status":"closed","sticky":false,"template":"","format":"standard","meta":{"footnotes":""},"categories":[5],"tags":[],"class_list":["post-7286","post","type-post","status-publish","format-standard","hentry","category-vereinsnachrichten"],"_links":{"self":[{"href":"https:\/\/www.alpenflugzentrum.de\/wordpress\/index.php?rest_route=\/wp\/v2\/posts\/7286","targetHints":{"allow":["GET"]}}],"collection":[{"href":"https:\/\/www.alpenflugzentrum.de\/wordpress\/index.php?rest_route=\/wp\/v2\/posts"}],"about":[{"href":"https:\/\/www.alpenflugzentrum.de\/wordpress\/index.php?rest_route=\/wp\/v2\/types\/post"}],"author":[{"embeddable":true,"href":"https:\/\/www.alpenflugzentrum.de\/wordpress\/index.php?rest_route=\/wp\/v2\/users\/10"}],"replies":[{"embeddable":true,"href":"https:\/\/www.alpenflugzentrum.de\/wordpress\/index.php?rest_route=%2Fwp%2Fv2%2Fcomments&post=7286"}],"version-history":[{"count":8,"href":"https:\/\/www.alpenflugzentrum.de\/wordpress\/index.php?rest_route=\/wp\/v2\/posts\/7286\/revisions"}],"predecessor-version":[{"id":7298,"href":"https:\/\/www.alpenflugzentrum.de\/wordpress\/index.php?rest_route=\/wp\/v2\/posts\/7286\/revisions\/7298"}],"wp:attachment":[{"href":"https:\/\/www.alpenflugzentrum.de\/wordpress\/index.php?rest_route=%2Fwp%2Fv2%2Fmedia&parent=7286"}],"wp:term":[{"taxonomy":"category","embeddable":true,"href":"https:\/\/www.alpenflugzentrum.de\/wordpress\/index.php?rest_route=%2Fwp%2Fv2%2Fcategories&post=7286"},{"taxonomy":"post_tag","embeddable":true,"href":"https:\/\/www.alpenflugzentrum.de\/wordpress\/index.php?rest_route=%2Fwp%2Fv2%2Ftags&post=7286"}],"curies":[{"name":"wp","href":"https:\/\/api.w.org\/{rel}","templated":true}]}}