{"id":7570,"date":"2025-03-23T22:18:20","date_gmt":"2025-03-23T21:18:20","guid":{"rendered":"https:\/\/www.alpenflugzentrum.de\/wordpress\/?p=7570"},"modified":"2025-03-23T22:18:20","modified_gmt":"2025-03-23T21:18:20","slug":"ein-bisschen-auschecken-ein-bisschen-fliegen-und-ein-bisschen-regen","status":"publish","type":"post","link":"https:\/\/www.alpenflugzentrum.de\/wordpress\/?p=7570","title":{"rendered":"&#8230;ein bisschen Auschecken, ein bisschen fliegen und ein bisschen Regen:"},"content":{"rendered":"\n<p>So lief es die letzten zwei Wochen. Nachdem \u00fcber unsere Streckenflieger-WhatsApp Gruppe ein fr\u00fches Check Out hinter der Dynamic m\u00f6glich war hatte der Beginn des Fliegens an der Winde erstmals leichte Wetter Probleme. <\/p>\n\n\n\n<p>Aber seit letzten Montag l\u00e4uft auch die Winde, es kann losgehen!<\/p>\n\n\n\n<p>Auch erste Fl\u00fcge f\u00fcllen das WeGlide, es ist Saison!<\/p>\n\n\n\n<figure class=\"wp-block-image size-large\"><a href=\"https:\/\/www.alpenflugzentrum.de\/wordpress\/wp-content\/uploads\/2025\/03\/20250323_151228.jpg\"><img loading=\"lazy\" decoding=\"async\" width=\"1024\" height=\"768\" src=\"https:\/\/www.alpenflugzentrum.de\/wordpress\/wp-content\/uploads\/2025\/03\/20250323_151228-1024x768.jpg\" alt=\"\" class=\"wp-image-7571\" srcset=\"https:\/\/www.alpenflugzentrum.de\/wordpress\/wp-content\/uploads\/2025\/03\/20250323_151228-1024x768.jpg 1024w, https:\/\/www.alpenflugzentrum.de\/wordpress\/wp-content\/uploads\/2025\/03\/20250323_151228-300x225.jpg 300w, https:\/\/www.alpenflugzentrum.de\/wordpress\/wp-content\/uploads\/2025\/03\/20250323_151228-768x576.jpg 768w, https:\/\/www.alpenflugzentrum.de\/wordpress\/wp-content\/uploads\/2025\/03\/20250323_151228-1536x1152.jpg 1536w, https:\/\/www.alpenflugzentrum.de\/wordpress\/wp-content\/uploads\/2025\/03\/20250323_151228.jpg 1632w\" sizes=\"auto, (max-width: 1024px) 100vw, 1024px\" \/><\/a><\/figure>\n\n\n\n<p>So auch gestern und heute, wobei p\u00fcnktlich mit Saisonbeginn auch der Schalter: schnell heim, Gewitter umgelegt wurde&#8230;.<\/p>\n\n\n\n<figure class=\"wp-block-image size-large\"><a href=\"https:\/\/www.alpenflugzentrum.de\/wordpress\/wp-content\/uploads\/2025\/03\/IMG-20250323-WA0007.jpg\"><img loading=\"lazy\" decoding=\"async\" width=\"1024\" height=\"768\" src=\"https:\/\/www.alpenflugzentrum.de\/wordpress\/wp-content\/uploads\/2025\/03\/IMG-20250323-WA0007-1024x768.jpg\" alt=\"\" class=\"wp-image-7572\" srcset=\"https:\/\/www.alpenflugzentrum.de\/wordpress\/wp-content\/uploads\/2025\/03\/IMG-20250323-WA0007-1024x768.jpg 1024w, https:\/\/www.alpenflugzentrum.de\/wordpress\/wp-content\/uploads\/2025\/03\/IMG-20250323-WA0007-300x225.jpg 300w, https:\/\/www.alpenflugzentrum.de\/wordpress\/wp-content\/uploads\/2025\/03\/IMG-20250323-WA0007-768x576.jpg 768w, https:\/\/www.alpenflugzentrum.de\/wordpress\/wp-content\/uploads\/2025\/03\/IMG-20250323-WA0007-1536x1152.jpg 1536w, https:\/\/www.alpenflugzentrum.de\/wordpress\/wp-content\/uploads\/2025\/03\/IMG-20250323-WA0007.jpg 2000w\" sizes=\"auto, (max-width: 1024px) 100vw, 1024px\" \/><\/a><\/figure>\n\n\n\n<p>Fast alles bis dahin im Stall&#8230;<\/p>\n\n\n\n<p>Fast&#8230;.<\/p>\n","protected":false},"excerpt":{"rendered":"<p>So lief es die letzten zwei Wochen. Nachdem \u00fcber unsere Streckenflieger-WhatsApp Gruppe ein fr\u00fches Check Out hinter der Dynamic m\u00f6glich war hatte der Beginn des Fliegens an der Winde erstmals leichte Wetter Probleme. Aber seit letzten Montag l\u00e4uft auch die Winde, es kann losgehen! Auch erste Fl\u00fcge f\u00fcllen das WeGlide, es ist Saison! So auch &hellip; <a href=\"https:\/\/www.alpenflugzentrum.de\/wordpress\/?p=7570\" class=\"more-link\"><span class=\"screen-reader-text\">&#8230;ein bisschen Auschecken, ein bisschen fliegen und ein bisschen Regen:<\/span> weiterlesen <span class=\"meta-nav\">&rarr;<\/span><\/a><\/p>\n","protected":false},"author":10,"featured_media":0,"comment_status":"closed","ping_status":"closed","sticky":false,"template":"","format":"standard","meta":{"footnotes":""},"categories":[5],"tags":[],"class_list":["post-7570","post","type-post","status-publish","format-standard","hentry","category-vereinsnachrichten"],"_links":{"self":[{"href":"https:\/\/www.alpenflugzentrum.de\/wordpress\/index.php?rest_route=\/wp\/v2\/posts\/7570","targetHints":{"allow":["GET"]}}],"collection":[{"href":"https:\/\/www.alpenflugzentrum.de\/wordpress\/index.php?rest_route=\/wp\/v2\/posts"}],"about":[{"href":"https:\/\/www.alpenflugzentrum.de\/wordpress\/index.php?rest_route=\/wp\/v2\/types\/post"}],"author":[{"embeddable":true,"href":"https:\/\/www.alpenflugzentrum.de\/wordpress\/index.php?rest_route=\/wp\/v2\/users\/10"}],"replies":[{"embeddable":true,"href":"https:\/\/www.alpenflugzentrum.de\/wordpress\/index.php?rest_route=%2Fwp%2Fv2%2Fcomments&post=7570"}],"version-history":[{"count":1,"href":"https:\/\/www.alpenflugzentrum.de\/wordpress\/index.php?rest_route=\/wp\/v2\/posts\/7570\/revisions"}],"predecessor-version":[{"id":7573,"href":"https:\/\/www.alpenflugzentrum.de\/wordpress\/index.php?rest_route=\/wp\/v2\/posts\/7570\/revisions\/7573"}],"wp:attachment":[{"href":"https:\/\/www.alpenflugzentrum.de\/wordpress\/index.php?rest_route=%2Fwp%2Fv2%2Fmedia&parent=7570"}],"wp:term":[{"taxonomy":"category","embeddable":true,"href":"https:\/\/www.alpenflugzentrum.de\/wordpress\/index.php?rest_route=%2Fwp%2Fv2%2Fcategories&post=7570"},{"taxonomy":"post_tag","embeddable":true,"href":"https:\/\/www.alpenflugzentrum.de\/wordpress\/index.php?rest_route=%2Fwp%2Fv2%2Ftags&post=7570"}],"curies":[{"name":"wp","href":"https:\/\/api.w.org\/{rel}","templated":true}]}}