{"id":840,"date":"2012-01-16T20:16:56","date_gmt":"2012-01-16T19:16:56","guid":{"rendered":"http:\/\/ww2.alpenflugzentrum.de\/wordpress\/?p=840"},"modified":"2012-01-16T20:16:56","modified_gmt":"2012-01-16T19:16:56","slug":"streckenfliegernachmittag-am-21-januar","status":"publish","type":"post","link":"https:\/\/www.alpenflugzentrum.de\/wordpress\/?p=840","title":{"rendered":"Streckenfliegernachmittag am 21. Januar"},"content":{"rendered":"<p>Am Samstag, 21.01.2012 um 14:00 Uhr geht es mit unseren diesj\u00e4hrigen Streckennachmittagen weiter. Thema:<br \/>\n<strong>\u201eFlugplanung, -analyse und -durchf\u00fchrung : Softwareunterst\u00fctzung, Programme und n\u00fctzliche Tools, Internetquellen, Tipps und Kniffe\u201c<\/strong>.<br \/>\nVorgesehen sind aber keine langen Vortr\u00e4ge, sondern wir wollen uns vorrangig \u00fcber die vielf\u00e4ltigen M\u00f6glichkeiten austauschen. Wer also Ideen, Beispiele, Anregungen, besondere Kniffe, Links, Ger\u00e4te und was auch immer hat, einfach mitbringen!<\/p>\n","protected":false},"excerpt":{"rendered":"<p>Am Samstag, 21.01.2012 um 14:00 Uhr geht es mit unseren diesj\u00e4hrigen Streckennachmittagen weiter. Thema: \u201eFlugplanung, -analyse und -durchf\u00fchrung : Softwareunterst\u00fctzung, Programme und n\u00fctzliche Tools, Internetquellen, Tipps und Kniffe\u201c. Vorgesehen sind aber keine langen Vortr\u00e4ge, sondern wir wollen uns vorrangig \u00fcber die vielf\u00e4ltigen M\u00f6glichkeiten austauschen. Wer also Ideen, Beispiele, Anregungen, besondere Kniffe, Links, Ger\u00e4te und was &hellip; <a href=\"https:\/\/www.alpenflugzentrum.de\/wordpress\/?p=840\" class=\"more-link\"><span class=\"screen-reader-text\">Streckenfliegernachmittag am 21. Januar<\/span> weiterlesen <span class=\"meta-nav\">&rarr;<\/span><\/a><\/p>\n","protected":false},"author":7,"featured_media":0,"comment_status":"closed","ping_status":"closed","sticky":false,"template":"","format":"standard","meta":{"footnotes":""},"categories":[5],"tags":[],"class_list":["post-840","post","type-post","status-publish","format-standard","hentry","category-vereinsnachrichten"],"_links":{"self":[{"href":"https:\/\/www.alpenflugzentrum.de\/wordpress\/index.php?rest_route=\/wp\/v2\/posts\/840","targetHints":{"allow":["GET"]}}],"collection":[{"href":"https:\/\/www.alpenflugzentrum.de\/wordpress\/index.php?rest_route=\/wp\/v2\/posts"}],"about":[{"href":"https:\/\/www.alpenflugzentrum.de\/wordpress\/index.php?rest_route=\/wp\/v2\/types\/post"}],"author":[{"embeddable":true,"href":"https:\/\/www.alpenflugzentrum.de\/wordpress\/index.php?rest_route=\/wp\/v2\/users\/7"}],"replies":[{"embeddable":true,"href":"https:\/\/www.alpenflugzentrum.de\/wordpress\/index.php?rest_route=%2Fwp%2Fv2%2Fcomments&post=840"}],"version-history":[{"count":1,"href":"https:\/\/www.alpenflugzentrum.de\/wordpress\/index.php?rest_route=\/wp\/v2\/posts\/840\/revisions"}],"predecessor-version":[{"id":841,"href":"https:\/\/www.alpenflugzentrum.de\/wordpress\/index.php?rest_route=\/wp\/v2\/posts\/840\/revisions\/841"}],"wp:attachment":[{"href":"https:\/\/www.alpenflugzentrum.de\/wordpress\/index.php?rest_route=%2Fwp%2Fv2%2Fmedia&parent=840"}],"wp:term":[{"taxonomy":"category","embeddable":true,"href":"https:\/\/www.alpenflugzentrum.de\/wordpress\/index.php?rest_route=%2Fwp%2Fv2%2Fcategories&post=840"},{"taxonomy":"post_tag","embeddable":true,"href":"https:\/\/www.alpenflugzentrum.de\/wordpress\/index.php?rest_route=%2Fwp%2Fv2%2Ftags&post=840"}],"curies":[{"name":"wp","href":"https:\/\/api.w.org\/{rel}","templated":true}]}}