{"id":860,"date":"2012-02-06T18:44:03","date_gmt":"2012-02-06T17:44:03","guid":{"rendered":"http:\/\/ww2.alpenflugzentrum.de\/wordpress\/?p=860"},"modified":"2012-02-06T18:45:03","modified_gmt":"2012-02-06T17:45:03","slug":"segelflugwissen-der-sg-isartal","status":"publish","type":"post","link":"https:\/\/www.alpenflugzentrum.de\/wordpress\/?p=860","title":{"rendered":"Segelflugwissen der SG Isartal"},"content":{"rendered":"<p>Peter Stahl hat mich auf die Unterlagen der Segelfluggruppe Isartal hingewiesen.<br \/>\nDie SGI hat ein <a title=\"Alpenflugseminar\" href=\"http:\/\/www.segelfluggruppe-isartal.de\/luftsport\/alpenflug-seminar\/\" target=\"_blank\">Alpenflugseminar<\/a> zusammengestellt, bei dem wichtige Informationen f\u00fcr den Alpenflug zusammengefasst sind.<br \/>\nEin Unterpunkt des Alpenflugseminars sind die &#8222;<a title=\"Vortr\u00e4ge und Publikationen\" href=\"http:\/\/www.segelfluggruppe-isartal.de\/luftsport\/alpenflug-seminar\/weitere-vortrage-und-publikationen\/\" target=\"_blank\">Vortr\u00e4ge und Publikationen<\/a>&#8222;, wo die Vortr\u00e4ge von Mathias Schunk und Martin Dinges abrufbar sind.<\/p>\n","protected":false},"excerpt":{"rendered":"<p>Peter Stahl hat mich auf die Unterlagen der Segelfluggruppe Isartal hingewiesen. Die SGI hat ein Alpenflugseminar zusammengestellt, bei dem wichtige Informationen f\u00fcr den Alpenflug zusammengefasst sind. Ein Unterpunkt des Alpenflugseminars sind die &#8222;Vortr\u00e4ge und Publikationen&#8222;, wo die Vortr\u00e4ge von Mathias Schunk und Martin Dinges abrufbar sind.<\/p>\n","protected":false},"author":5,"featured_media":84,"comment_status":"closed","ping_status":"closed","sticky":false,"template":"","format":"standard","meta":{"footnotes":""},"categories":[6],"tags":[],"class_list":["post-860","post","type-post","status-publish","format-standard","has-post-thumbnail","hentry","category-streckenflug"],"_links":{"self":[{"href":"https:\/\/www.alpenflugzentrum.de\/wordpress\/index.php?rest_route=\/wp\/v2\/posts\/860","targetHints":{"allow":["GET"]}}],"collection":[{"href":"https:\/\/www.alpenflugzentrum.de\/wordpress\/index.php?rest_route=\/wp\/v2\/posts"}],"about":[{"href":"https:\/\/www.alpenflugzentrum.de\/wordpress\/index.php?rest_route=\/wp\/v2\/types\/post"}],"author":[{"embeddable":true,"href":"https:\/\/www.alpenflugzentrum.de\/wordpress\/index.php?rest_route=\/wp\/v2\/users\/5"}],"replies":[{"embeddable":true,"href":"https:\/\/www.alpenflugzentrum.de\/wordpress\/index.php?rest_route=%2Fwp%2Fv2%2Fcomments&post=860"}],"version-history":[{"count":7,"href":"https:\/\/www.alpenflugzentrum.de\/wordpress\/index.php?rest_route=\/wp\/v2\/posts\/860\/revisions"}],"predecessor-version":[{"id":867,"href":"https:\/\/www.alpenflugzentrum.de\/wordpress\/index.php?rest_route=\/wp\/v2\/posts\/860\/revisions\/867"}],"wp:featuredmedia":[{"embeddable":true,"href":"https:\/\/www.alpenflugzentrum.de\/wordpress\/index.php?rest_route=\/wp\/v2\/media\/84"}],"wp:attachment":[{"href":"https:\/\/www.alpenflugzentrum.de\/wordpress\/index.php?rest_route=%2Fwp%2Fv2%2Fmedia&parent=860"}],"wp:term":[{"taxonomy":"category","embeddable":true,"href":"https:\/\/www.alpenflugzentrum.de\/wordpress\/index.php?rest_route=%2Fwp%2Fv2%2Fcategories&post=860"},{"taxonomy":"post_tag","embeddable":true,"href":"https:\/\/www.alpenflugzentrum.de\/wordpress\/index.php?rest_route=%2Fwp%2Fv2%2Ftags&post=860"}],"curies":[{"name":"wp","href":"https:\/\/api.w.org\/{rel}","templated":true}]}}